{"id":63729,"date":"2025-09-23T15:02:04","date_gmt":"2025-09-23T13:02:04","guid":{"rendered":"https:\/\/ticker-noticiasep.microcontenidos.com\/NoticiaRSS.vbhtml?user=FRND562DLP&amp;cod=20250923150204"},"modified":"2025-09-23T15:02:04","modified_gmt":"2025-09-23T13:02:04","slug":"mundo-cgtn-america-y-cctv-onu-concierto-unidos-como-un-solo-mundo-voces-de-paz","status":"publish","type":"post","link":"https:\/\/webciudadana.net\/?p=63729","title":{"rendered":"Mundo: CGTN AMERICA y CCTV ONU: Concierto \u00abUnidos como un solo mundo: voces de paz\u00bb"},"content":{"rendered":"\n<p>(Informaci\u00f3n remitida por la empresa firmante)<\/p>\n<p>\n&#8212; CGTN AMERICA y CCTV ONU: Concierto \u00abUnidos como un solo mundo: voces de paz\u00bb en honor a un aniversario hist\u00f3rico<\/p>\n<p>\nWASHINGTON, 23 de septiembre de 2025\/PRNewswire\/ &#8212; CGTN America y CCTV ONU lanzan el concierto \u00abUnidos como un solo mundo: voces de paz\u00bb en honor al hist\u00f3rico aniversario.<\/p>\n<p> Artistas de renombre se presentar\u00e1n en el ic\u00f3nico Lincoln Center de Nueva York el 23 de septiembre a las 19:00 h para el esperado Concierto de Cine \u00abUnidos como un solo mundo: Voces de Paz\u00bb, un evento que conmemora el 80.\u00ba aniversario del fin de la Segunda Guerra Mundial y la fundaci\u00f3n de las Naciones Unidas. Presentado por China Media Group (CMG), el concierto promete una noche de actuaciones extraordinarias que fusionar\u00e1n m\u00fasica, cine y mensajes globales de paz y unidad.<\/p>\n<p> El concierto contar\u00e1 con la participaci\u00f3n del virtuoso del piano internacionalmente aclamado Lang Lang, el violinista Randall Goosby y los vocalistas Kameron Lopreore, Efra\u00edn Sol\u00eds y William Guanbo Su, junto con la Orquesta Sinf\u00f3nica y Coro Internacional de Nueva York, la Orquesta Sinf\u00f3nica de las Naciones Unidas y United Nations Singers.<\/p>\n<p> El concierto rinde homenaje a la ardua pero significativa historia de la Guerra Mundial Antifascista. Sirve como recordatorio de la lucha compartida de la humanidad contra el conflicto y la opresi\u00f3n, a la vez que destaca el papel perdurable de las Naciones Unidas en la promoci\u00f3n de la paz, la cooperaci\u00f3n y el entendimiento mutuo durante las \u00faltimas ocho d\u00e9cadas.<\/p>\n<p> Al reunir a diplom\u00e1ticos, funcionarios de la ONU y artistas de renombre mundial, el Cine Concierto \u00abUnidos como un solo mundo: voces de paz\u00bb encarna los ideales de solidaridad y colaboraci\u00f3n internacional que representa la ONU. La velada busca no solo honrar los logros del pasado, sino tambi\u00e9n inspirar a las generaciones futuras a defender los valores del di\u00e1logo, la unidad y la responsabilidad colectiva en la construcci\u00f3n de un mundo m\u00e1s pac\u00edfico y cooperativo.<\/p>\n<p> China Media Group lanz\u00f3 recientemente una convocatoria global para la creaci\u00f3n de pel\u00edculas con IA bajo el lema \u00abUn futuro brillante para la humanidad\u00bb. En su primera fase, se seleccionaron obras destacadas que combinan la IA y la creatividad para transmitir el esp\u00edritu de \u00abRecordar la historia, vivir en paz\u00bb, a la vez que visualizan un futuro compartido para la humanidad. Una selecci\u00f3n de estas obras tambi\u00e9n se proyectar\u00e1 durante el evento.<\/p>\n<p>\n(Este material se distribuye por MediaLinks TV, LLC en nombre de CCTV. Hay informaci\u00f3n adicional disponible en el Departamento de Justicia, Washington, D.C.)<\/p>\n<p>\nContacto: Distribution@cgtnamerica.com<\/p>\n<p> View original content:https:\/\/www.prnewswire.com\/news-releases\/cgtn-america-y-cctv-onu-concierto-unidos-como-un-solo-mundo-voces-de-paz-302564450.html<\/p>\n","protected":false},"excerpt":{"rendered":"<p>(Informaci\u00f3n remitida por la empresa firmante) &#8212; CGTN AMERICA y CCTV ONU: Concierto \u00abUnidos como un solo mundo: voces de paz\u00bb en honor a un aniversario hist\u00f3rico WASHINGTON, 23 de septiembre de 2025\/PRNewswire\/ &#8212; CGTN America y CCTV ONU lanzan el concierto \u00abUnidos como un solo mundo: voces de paz\u00bb en honor al hist\u00f3rico aniversario. [&hellip;]<\/p>\n","protected":false},"author":1,"featured_media":0,"comment_status":"closed","ping_status":"closed","sticky":false,"template":"","format":"standard","meta":{"footnotes":""},"categories":[2],"tags":[],"class_list":["post-63729","post","type-post","status-publish","format-standard","hentry","category-noticias"],"_links":{"self":[{"href":"https:\/\/webciudadana.net\/index.php?rest_route=\/wp\/v2\/posts\/63729","targetHints":{"allow":["GET"]}}],"collection":[{"href":"https:\/\/webciudadana.net\/index.php?rest_route=\/wp\/v2\/posts"}],"about":[{"href":"https:\/\/webciudadana.net\/index.php?rest_route=\/wp\/v2\/types\/post"}],"author":[{"embeddable":true,"href":"https:\/\/webciudadana.net\/index.php?rest_route=\/wp\/v2\/users\/1"}],"replies":[{"embeddable":true,"href":"https:\/\/webciudadana.net\/index.php?rest_route=%2Fwp%2Fv2%2Fcomments&post=63729"}],"version-history":[{"count":0,"href":"https:\/\/webciudadana.net\/index.php?rest_route=\/wp\/v2\/posts\/63729\/revisions"}],"wp:attachment":[{"href":"https:\/\/webciudadana.net\/index.php?rest_route=%2Fwp%2Fv2%2Fmedia&parent=63729"}],"wp:term":[{"taxonomy":"category","embeddable":true,"href":"https:\/\/webciudadana.net\/index.php?rest_route=%2Fwp%2Fv2%2Fcategories&post=63729"},{"taxonomy":"post_tag","embeddable":true,"href":"https:\/\/webciudadana.net\/index.php?rest_route=%2Fwp%2Fv2%2Ftags&post=63729"}],"curies":[{"name":"wp","href":"https:\/\/api.w.org\/{rel}","templated":true}]}}