{"id":63732,"date":"2025-09-23T16:31:02","date_gmt":"2025-09-23T14:31:02","guid":{"rendered":"https:\/\/ticker-noticiasep.microcontenidos.com\/NoticiaRSS.vbhtml?user=FRND562DLP&amp;cod=20250923163102"},"modified":"2025-09-23T16:31:02","modified_gmt":"2025-09-23T14:31:02","slug":"bijou-brigitte-planea-abrir-tiendas-en-espana-y-portugal","status":"publish","type":"post","link":"https:\/\/webciudadana.net\/?p=63732","title":{"rendered":"Bijou Brigitte planea abrir tiendas en Espa\u00f1a y Portugal"},"content":{"rendered":"\n<div><img decoding=\"async\" src=\"https:\/\/img.europapress.es\/fotoweb\/fotonoticia_20250923163102_300.jpg\" class=\"ff-og-image-inserted\"><\/div>\n<p>(Informaci\u00f3n remitida por la empresa firmante)<\/p>\n<p>\nHamburgo, 23 de septiembre de 2025 \u2013 El grupo alem\u00e1n de art\u00edculos de bisuter\u00eda que cotiza en bolsa, Bijou Brigitte, planea expandir significativamente su red de tiendas en Espa\u00f1a y Portugal en los pr\u00f3ximos a\u00f1os.<\/p>\n<p>\nVemos un gran potencial en estos dos mercados y, por lo tanto, seguiremos ampliando la presencia de nuestra marca. Nuestro enfoque se centra en ubicaciones con gran afluencia, en zonas peatonales y centros comerciales de grandes ciudades, as\u00ed como en las principales regiones tur\u00edsticas de la pen\u00ednsula ib\u00e9rica*, afirma Roland Werner, CEO de Bijou Brigitte.<\/p>\n<p>\nPersona de contacto para consultas de prensa:<\/p>\n<p>\nVera Frankenthal<\/p>\n<p>\nSenior Manager PR &amp; Communications<\/p>\n<p>\nTel\u00e9fono:+49 40 606 09 \u2013165<\/p>\n<p>\nCorreo electr\u00f3nico: Vera.Frankenthal@bijou-brigitte.com<\/p>\n<p>\nwww.bijou-brigitte.com\/es<\/p>\n<p>\nwww.tiktok.com\/@bijoubrigitteofficial<\/p>\n<p>\nwww.instagram.com\/bijoubrigitte<\/p>\n<p>\nwww.facebook.com\/bijoubrigitte<\/p>\n<p>\nwww.pinterest.de\/bijoubrigitte<\/p>\n<p>\nwww.youtube.com\/user\/BijouBrigitteNews<\/p>\n<p>\nSobre Bijou Brigitte:<\/p>\n<p>\nLa empresa, que cotiza en bolsa, presenta actualmente las \u00faltimas tendencias en bisuter\u00eda y accesorios en 18 pa\u00edses y en unas 900 tiendas (datos de finales de junio de 2025), as\u00ed como en l\u00ednea en www.bijou-brigitte.com\/es.<\/p>\n<p>\nFue fundada en Hamburgo en 1963. Desde 1999, opera en Espa\u00f1a con unas 100 sucursales. A finales de 2019, se lanz\u00f3 el BB-Club en Espa\u00f1a, un programa de fidelizaci\u00f3n de Bijou Brigitte.<\/p>\n<p>\nEl concepto del \u00e9xito del grupo se basa, por un lado, en su exclusiva selecci\u00f3n de productos y su atractiva relaci\u00f3n calidad-precio y, por otro, en el dise\u00f1o de sus tiendas, con un llamativo mobiliario. Por todo ello, la marca Bijou Brigitte es reconocida internacionalmente, no solo en Alemania.<\/p>\n<p>\nEmisor: Bijou Brigitte<\/p>\n","protected":false},"excerpt":{"rendered":"<p>(Informaci\u00f3n remitida por la empresa firmante) Hamburgo, 23 de septiembre de 2025 \u2013 El grupo alem\u00e1n de art\u00edculos de bisuter\u00eda que cotiza en bolsa, Bijou Brigitte, planea expandir significativamente su red de tiendas en Espa\u00f1a y Portugal en los pr\u00f3ximos a\u00f1os. Vemos un gran potencial en estos dos mercados y, por lo tanto, seguiremos ampliando [&hellip;]<\/p>\n","protected":false},"author":1,"featured_media":0,"comment_status":"closed","ping_status":"closed","sticky":false,"template":"","format":"standard","meta":{"footnotes":""},"categories":[2],"tags":[],"class_list":["post-63732","post","type-post","status-publish","format-standard","hentry","category-noticias"],"_links":{"self":[{"href":"https:\/\/webciudadana.net\/index.php?rest_route=\/wp\/v2\/posts\/63732","targetHints":{"allow":["GET"]}}],"collection":[{"href":"https:\/\/webciudadana.net\/index.php?rest_route=\/wp\/v2\/posts"}],"about":[{"href":"https:\/\/webciudadana.net\/index.php?rest_route=\/wp\/v2\/types\/post"}],"author":[{"embeddable":true,"href":"https:\/\/webciudadana.net\/index.php?rest_route=\/wp\/v2\/users\/1"}],"replies":[{"embeddable":true,"href":"https:\/\/webciudadana.net\/index.php?rest_route=%2Fwp%2Fv2%2Fcomments&post=63732"}],"version-history":[{"count":0,"href":"https:\/\/webciudadana.net\/index.php?rest_route=\/wp\/v2\/posts\/63732\/revisions"}],"wp:attachment":[{"href":"https:\/\/webciudadana.net\/index.php?rest_route=%2Fwp%2Fv2%2Fmedia&parent=63732"}],"wp:term":[{"taxonomy":"category","embeddable":true,"href":"https:\/\/webciudadana.net\/index.php?rest_route=%2Fwp%2Fv2%2Fcategories&post=63732"},{"taxonomy":"post_tag","embeddable":true,"href":"https:\/\/webciudadana.net\/index.php?rest_route=%2Fwp%2Fv2%2Ftags&post=63732"}],"curies":[{"name":"wp","href":"https:\/\/api.w.org\/{rel}","templated":true}]}}