{"id":63766,"date":"2025-09-24T15:35:27","date_gmt":"2025-09-24T13:35:27","guid":{"rendered":"https:\/\/ticker-noticiasep.microcontenidos.com\/NoticiaRSS.vbhtml?user=FRND562DLP&amp;cod=20250924153527"},"modified":"2025-09-24T15:35:27","modified_gmt":"2025-09-24T13:35:27","slug":"sociedad-la-armada-presenta-el-proyecto-de-buque-autonomo-para-afrontar-el-futuro-de-la-defensa-naval","status":"publish","type":"post","link":"https:\/\/webciudadana.net\/?p=63766","title":{"rendered":"Sociedad: La Armada presenta el proyecto de Buque Aut\u00f3nomo para afrontar el futuro de la defensa naval"},"content":{"rendered":"\n<div><img decoding=\"async\" src=\"https:\/\/img.europapress.es\/fotoweb\/fotonoticia_20250924153527_300.jpg\" class=\"ff-og-image-inserted\"><\/div>\n<p>(Informaci\u00f3n remitida por la empresa firmante)<\/p>\n<p>\nDurante las jornadas se ha presentado el Proyecto \u201cElementos Esenciales del Buque Aut\u00f3nomo\u201d, un programa de un a\u00f1o de duraci\u00f3n abierto a empresas del sector.<\/p>\n<p>\n*<\/p>\n<p>\n\u201cEl buque aut\u00f3nomo ser\u00e1 la materializaci\u00f3n de una petici\u00f3n de cambio cultural que vela por la salvaguarda del combatiente y modificar\u00e1 las actuales reglas de juego en el combate naval\u201d, afirma el almirante jefe del Estado Mayor de la Armada (AJEMA), Antonio Pi\u00f1eiro.<\/p>\n<p>\n*<\/p>\n<p>\n\u201cLa iniciativa pretende movilizar al ecosistema tecnol\u00f3gico e industrial espa\u00f1ol para dar respuesta a los desaf\u00edos en autonom\u00eda naval, IA embebida y sostenibilidad en el mar\u201d, en palabras del CEO de Funditec, Miguel Rego.<\/p>\n<p>\n*<\/p>\n<p>\n\u201cSe est\u00e1 produciendo un cambio de paradigma y cada vez son m\u00e1s los desarrollos civiles que arrastran desarrollos militares\u201d, reconoce el vicealmirante Nicol\u00e1s Lapique.<\/p>\n<p>\n*<\/p>\n<p>\nMadrid, 24 de septiembre de 2025 \u2013 La Armada ha presentado el proyecto \u2018Elementos Esenciales del Buque Aut\u00f3nomo\u2019, una iniciativa estrat\u00e9gica para transformar la industria y liderar la innovaci\u00f3n tecnol\u00f3gica en defensa. Durante la inauguraci\u00f3n de las Jornadas T\u00e9cnicas Armada\u2013Industria Defensa (AINDEF), en el marco de la XV Semana Naval, el almirante jefe del Estado Mayor de la Armada (AJEMA), Antonio Pi\u00f1eiro, ha recordado que la carrera por el buque aut\u00f3nomo \u201ces global y ya tiene nivel estrat\u00e9gico\u201d.<\/p>\n<p>\nAnte este escenario, el almirante general Pi\u00f1eiro llama a \u201caprovechar la innovaci\u00f3n y la cooperaci\u00f3n con la industria y la universidad para modernizar la flota, mejorar la preparaci\u00f3n para el combate y garantizar una fuerza naval relevante\u201d. En su opini\u00f3n, el buque aut\u00f3nomo no es solo un reto tecnol\u00f3gico, sino tambi\u00e9n la materializaci\u00f3n \u201cde una petici\u00f3n de cambio cultural, ya que vela por la salvaguarda del combatiente y lo aleja de la zona de riesgo\u201d. Asimismo, destaca que supondr\u00e1 un cambio doctrinal, \u201cmodificando las actuales reglas de juego en el combate naval\u201d.<\/p>\n<p>\nEl vicealmirante Nicol\u00e1s Lapique, Almirante Director de Ingenier\u00eda y Construcciones Navales, ha destacado la importancia de impulsar soluciones t\u00e9cnicas innovadoras \u201cque den respuesta a los desaf\u00edos tecnol\u00f3gicos futuros, tomando como referencia el buque aut\u00f3nomo\u201d.<\/p>\n<p>\nLa iniciativa del Buque Aut\u00f3nomo representa la plataforma donde confluyen los mayores esfuerzos innovadores p\u00fablicos y privados orientados hacia el horizonte estrat\u00e9gico de 2050. *\u201cLa cooperaci\u00f3n p\u00fablico-privada pasa a ser decisiva. Cualquier actor que promueva la aceleraci\u00f3n de la innovaci\u00f3n debe ser nuestro compa\u00f1ero para alcanzar el objetivo de obtener soberan\u00eda t\u00e9cnica en todas las tecnolog\u00edas que conforman nuestros sistemas de armas\u201d, ha reconocido el vicealmirante Lapique.<\/p>\n<p>\nLa Armada, con el apoyo de Funditec, realizar\u00e1 el proceso de evaluaci\u00f3n de las propuestas presentadas con el objetivo de anunciar los proyectos ganadores durante el primer trimestre del 2026. Funditec se presenta como un colaborar t\u00e9cnico clave aportando su experiencia en inteligencia artificial embebida, sistemas aut\u00f3nomos y electr\u00f3nica avanzada.<\/p>\n<p>\nComo ha reconocido el CEO de Funditec, Miguel Rego, con este proyecto \u201cse busca movilizar al ecosistema tecnol\u00f3gico e industrial espa\u00f1ol para dar respuesta a los desaf\u00edos en autonom\u00eda naval, IA embebida y sostenibilidad en el mar\u201d.* El buque aut\u00f3nomo representa una plataforma donde estas tecnolog\u00edas convergen y \u201cnos permite reforzar la soberan\u00eda tecnol\u00f3gica espa\u00f1ola y la autonom\u00eda estrat\u00e9gica en el horizonte 2050\u201d, resalta Rego.<\/p>\n<p>\nColaboraci\u00f3n civil-militar y tecnolog\u00edas duales<\/p>\n<p>\nEl centro de investigaci\u00f3n, a trav\u00e9s de Funditec Defence, ejerce este papel en virtud del Protocolo General de Actuaci\u00f3n (PGA) que ha firmado con la Armada, que tiene como finalidad impulsar la colaboraci\u00f3n civil-militar en torno a los retos navales futuros. \u201cEs una oportunidad para consolidarnos como socio estrat\u00e9gico y demostrar nuestro compromiso con la innovaci\u00f3n aplicada a la defensa naval\u201d, ha manifestado Miguel Golmayo, Managing Director de Funditec Defence.<\/p>\n<p>\nEn lo crucial de esta colaboraci\u00f3n y en un cambio de tendencia hacia el desarrollo de tecnolog\u00edas duales ha querido hacer hincapi\u00e9 el vicealmirante Lapique: \u201cYa no encontramos empresas que se dediquen exclusivamente al \u00e1mbito militar, todas disponen de su \u00e1rea de negocio civil; es m\u00e1s, se est\u00e1 produciendo un cambio de paradigma y cada vez son m\u00e1s los desarrollos civiles que arrastran desarrollos militares\u201d.<\/p>\n<p>\nRob\u00f3tica, automatizaci\u00f3n o gemelos digitales<\/p>\n<p>\nEn su intervenci\u00f3n, el vicealmirante ha abordado tambi\u00e9n el impacto de la inteligencia artificial, los gemelos digitales o los sistemas aut\u00f3nomos en la pr\u00f3xima generaci\u00f3n de buques: \u201cLas fuerzas navales evolucionar\u00e1n hacia sistemas modulares donde la rob\u00f3tica y la automatizaci\u00f3n jugar\u00e1n un papel crucial, especialmente con el uso de drones que complementen plataformas navales\u201d, seg\u00fan el vicealmirante.<\/p>\n<p>\nAdem\u00e1s, la Armada ve en la nube de combate y en el uso de gemelos digitales factores que se deben explotar para generar ventaja. \u201cEl empleo de gemelos digitales replicar\u00e1 en tiempo real la situaci\u00f3n t\u00e1ctica, y por tanto mejorar\u00e1 el an\u00e1lisis en tiempo real, permitiendo una r\u00e1pida comprensi\u00f3n del entorno y apoyando la toma \u00e1gil de decisiones\u201d, ha concluido Lapique.<\/p>\n<p>\nSOBRE LA ARMADA:<\/p>\n<p>\nLa Armada es el principal referente de la acci\u00f3n del Estado en la mar y garante de la seguridad mar\u00edtima de Espa\u00f1a. Su misi\u00f3n es proteger los intereses nacionales en los espacios mar\u00edtimos de soberan\u00eda e inter\u00e9s, contribuyendo a la defensa colectiva en el marco de la OTAN, la Uni\u00f3n Europea y otras organizaciones internacionales. Con una vocaci\u00f3n global y una preparaci\u00f3n orientada al combate, la Armada trabaja para continuar siendo decisiva y relevante en y desde la mar, mediante una Flota equilibrada, moderna y siempre alistada. Se proyecta como una Fuerza vanguardista en tecnolog\u00eda, comprometida con la sostenibilidad, firme en la disuasi\u00f3n y ejemplar en el cuidado y desarrollo de su personal.<\/p>\n<p>\nSu estrecha colaboraci\u00f3n con la industria nacional, el mundo acad\u00e9mico y el sistema cient\u00edfico-tecnol\u00f3gico constituye un pilar esencial para reforzar la soberan\u00eda tecnol\u00f3gica y la autonom\u00eda estrat\u00e9gica de Espa\u00f1a, consolidando as\u00ed su papel como garante de la defensa y del bienestar de los espa\u00f1oles.<\/p>\n<p>\nSOBRE FUNDITEC<\/p>\n<p>\nFunditec es una fundaci\u00f3n tecnol\u00f3gica con m\u00e1s de 20 a\u00f1os de trayectoria, acreditada como centro tecnol\u00f3gico desde 2021, con sedes en Madrid y Barcelona, y un equipo de m\u00e1s de 120 investigadores. Desde su creaci\u00f3n en 2003, Funditec ha trabajado en m\u00e1s de 250 proyectos de innovaci\u00f3n en \u00e1mbitos como la inteligencia artificial, la energ\u00eda, la salud, los materiales avanzados o la ciberseguridad.<\/p>\n<p>\nActualmente, es socio preferente de CDTI y de la Comisi\u00f3n Europea en programas como Horizonte Europa o el Fondo Europeo de Defensa. Su estructura combina dos grandes \u00e1reas: Investigaci\u00f3n (como centro tecnol\u00f3gico acreditado) e Innovaci\u00f3n (a trav\u00e9s de sus unidades Innova, Intelligence y Defence), lo que le permite abordar tanto proyectos p\u00fablicos como colaboraciones con la industria.<\/p>\n<p>\n*<\/p>\n<p>\nContactos:<\/p>\n<p>\nFunditec:<\/p>\n<p>\nCurro Romero Arrechea<\/p>\n<p>\nDirector de Comunicaci\u00f3n<\/p>\n<p>\ncromero@funditec.es<\/p>\n<p>\n+34 650 67 45 54<\/p>\n<p>\nArmada:<\/p>\n<p>\ncomunicacion@fn.mde.es<\/p>\n<p>\nTel.: (+34) 91 379 50 47\/48***<\/p>\n<p>\narmada.defensa.gob.es<\/p>\n<p>\n*<\/p>\n<p>\n*<\/p>\n","protected":false},"excerpt":{"rendered":"<p>(Informaci\u00f3n remitida por la empresa firmante) Durante las jornadas se ha presentado el Proyecto \u201cElementos Esenciales del Buque Aut\u00f3nomo\u201d, un programa de un a\u00f1o de duraci\u00f3n abierto a empresas del sector. * \u201cEl buque aut\u00f3nomo ser\u00e1 la materializaci\u00f3n de una petici\u00f3n de cambio cultural que vela por la salvaguarda del combatiente y modificar\u00e1 las actuales [&hellip;]<\/p>\n","protected":false},"author":1,"featured_media":0,"comment_status":"closed","ping_status":"closed","sticky":false,"template":"","format":"standard","meta":{"footnotes":""},"categories":[2],"tags":[],"class_list":["post-63766","post","type-post","status-publish","format-standard","hentry","category-noticias"],"_links":{"self":[{"href":"https:\/\/webciudadana.net\/index.php?rest_route=\/wp\/v2\/posts\/63766","targetHints":{"allow":["GET"]}}],"collection":[{"href":"https:\/\/webciudadana.net\/index.php?rest_route=\/wp\/v2\/posts"}],"about":[{"href":"https:\/\/webciudadana.net\/index.php?rest_route=\/wp\/v2\/types\/post"}],"author":[{"embeddable":true,"href":"https:\/\/webciudadana.net\/index.php?rest_route=\/wp\/v2\/users\/1"}],"replies":[{"embeddable":true,"href":"https:\/\/webciudadana.net\/index.php?rest_route=%2Fwp%2Fv2%2Fcomments&post=63766"}],"version-history":[{"count":0,"href":"https:\/\/webciudadana.net\/index.php?rest_route=\/wp\/v2\/posts\/63766\/revisions"}],"wp:attachment":[{"href":"https:\/\/webciudadana.net\/index.php?rest_route=%2Fwp%2Fv2%2Fmedia&parent=63766"}],"wp:term":[{"taxonomy":"category","embeddable":true,"href":"https:\/\/webciudadana.net\/index.php?rest_route=%2Fwp%2Fv2%2Fcategories&post=63766"},{"taxonomy":"post_tag","embeddable":true,"href":"https:\/\/webciudadana.net\/index.php?rest_route=%2Fwp%2Fv2%2Ftags&post=63766"}],"curies":[{"name":"wp","href":"https:\/\/api.w.org\/{rel}","templated":true}]}}