{"id":63769,"date":"2025-09-24T17:10:58","date_gmt":"2025-09-24T15:10:58","guid":{"rendered":"https:\/\/ticker-noticiasep.microcontenidos.com\/NoticiaRSS.vbhtml?user=FRND562DLP&amp;cod=20250924171058"},"modified":"2025-09-24T17:10:58","modified_gmt":"2025-09-24T15:10:58","slug":"mundo-lilysilk-presenta-su-coleccion-de-invierno-2025-framed-beauty","status":"publish","type":"post","link":"https:\/\/webciudadana.net\/?p=63769","title":{"rendered":"Mundo: LILYSILK presenta su colecci\u00f3n de invierno 2025 \u00abFramed Beauty\u00bb"},"content":{"rendered":"\n<div><img decoding=\"async\" src=\"https:\/\/img.europapress.es\/fotoweb\/fotonoticia_20250924171058_300.jpg\" class=\"ff-og-image-inserted\"><\/div>\n<p>(Informaci\u00f3n remitida por la empresa firmante)<\/p>\n<p>\n&#8211;LILYSILK presenta su colecci\u00f3n de invierno 2025 \u00abFramed Beauty\u00bb, que celebra la fuerza y la estructura del dise\u00f1o femenino<\/p>\n<p>\nNUEVA YORK, 24 de septiembre de 2025\/PRNewswire\/ &#8212; LILYSILK, la marca de seda l\u00edder en el mundo dedicada a inspirar a las personas a vivir vidas espectaculares y sostenibles, lanz\u00f3 oficialmente su Colecci\u00f3n de Invierno 2025 \u00abFramed Beauty\u00bb el 23 de septiembre, presentando una exploraci\u00f3n refinada de elegancia y fuerza a trav\u00e9s de la est\u00e9tica arquitect\u00f3nica.<\/p>\n<p> En el coraz\u00f3n de la colecci\u00f3n se encuentra \u00abBelleza Enmarcada\u00bb, una visi\u00f3n de elegancia definida por la estructura y la fuerza. Inspirada en los marcos arquitect\u00f3nicos y la sobria geometr\u00eda de los cristales, cada pieza est\u00e1 cuidadosamente compuesta para resaltar la elegancia y la individualidad femeninas. La idea de enmarcar se expresa tanto en la forma como en el significado, ya que las prendas se confeccionan no solo para vestir el cuerpo, sino para moldear la presencia con claridad y seguridad.<\/p>\n<p> Con l\u00edneas limpias, siluetas a medida y proporciones equilibradas, la colecci\u00f3n combina suavidad y fuerza en una expresi\u00f3n refinada de feminidad moderna. Si bien materiales como la seda-lana y la cachemira-lana siguen siendo fundamentales, es el dise\u00f1o escultural y la sensibilidad arquitect\u00f3nica lo que realmente distingue a esta colecci\u00f3n.<\/p>\n<p> Piezas destacadas como el Scarf-Collar Wool Blend Coat y el Classic Silk-Wool Windowpane Coat lucen elegantes capas con un toque de minimalismo arquitect\u00f3nico. El cuello bufanda extragrande y las siluetas inspiradas en las gabardinas evocan la tem\u00e1tica enmarcada, manteniendo la versatilidad para el d\u00eda a d\u00eda. Ligero pero c\u00e1lido, cada art\u00edculo est\u00e1 dise\u00f1ado para adaptarse sin esfuerzo desde las calles de la ciudad hasta reuniones elevadas.<\/p>\n<p> La Silk-Wool Oversized Shirt contin\u00faa esta narrativa de equilibrio. Combinando resistencia a las arrugas, una ca\u00edda ultraligera y calidez transpirable, esta camisa est\u00e1 dise\u00f1ada para adaptarse a la figura de quien la lleva, ofreciendo comodidad y confianza.<\/p>\n<p> Otro destacado de la temporada es la mezcla \u00ab7030 Golden Ratio\u00bb: una composici\u00f3n exclusiva de 70 % lana fina y 30 % cachemira, desarrollada tras a\u00f1os de investigaci\u00f3n. Esta f\u00f3rmula calculada maximiza la calidez, la durabilidad y la suavidad, requiriendo un cuidado m\u00ednimo y ofreciendo una larga duraci\u00f3n. Prendas como el Wool-Cashmere Turtleneck Sweater y Bowtie Collar Sweater encarnan el rendimiento y el lujo de esta mezcla, con texturas trenzadas, ribetes en capas y siluetas elegantes que favorecen y perduran.<\/p>\n<p> \u00abEsta temporada, celebramos la individualidad de las mujeres dentro de las estructuras de la vida, combinando tranquilidad con resiliencia y ofreciendo siluetas que enmarcan la belleza con gracia y fuerza\u00bb, afirm\u00f3 David Wang, consejero delegado de LILYSILK. \u00abNos enorgullece presentar &#8216;Belleza Enmarcada&#8217;, nuestra colecci\u00f3n de invierno 2025 inspirada en el arte de la enmarcaci\u00f3n arquitect\u00f3nica\u00bb.<\/p>\n<p> LILYSILK invita a los amantes de la moda y a las personas con estilo de todo el mundo a explorar la nueva colecci\u00f3n y descubrir c\u00f3mo la elegancia, la comodidad y la fuerza se unen en cada detalle. Para m\u00e1s informaci\u00f3n, visite www.lilysilk.com.<\/p>\n<p> Foto &#8211; https:\/\/mma.prnewswire.com\/media\/2779593\/LILYSILK_Winter_2025_Collection_Framed_Beauty.jpg<\/p>\n<p> View original content:https:\/\/www.prnewswire.com\/news-releases\/lilysilk-presenta-su-coleccion-de-invierno-2025-framed-beauty-302566030.html<\/p>\n","protected":false},"excerpt":{"rendered":"<p>(Informaci\u00f3n remitida por la empresa firmante) &#8211;LILYSILK presenta su colecci\u00f3n de invierno 2025 \u00abFramed Beauty\u00bb, que celebra la fuerza y la estructura del dise\u00f1o femenino NUEVA YORK, 24 de septiembre de 2025\/PRNewswire\/ &#8212; LILYSILK, la marca de seda l\u00edder en el mundo dedicada a inspirar a las personas a vivir vidas espectaculares y sostenibles, lanz\u00f3 [&hellip;]<\/p>\n","protected":false},"author":1,"featured_media":0,"comment_status":"closed","ping_status":"closed","sticky":false,"template":"","format":"standard","meta":{"footnotes":""},"categories":[2],"tags":[],"class_list":["post-63769","post","type-post","status-publish","format-standard","hentry","category-noticias"],"_links":{"self":[{"href":"https:\/\/webciudadana.net\/index.php?rest_route=\/wp\/v2\/posts\/63769","targetHints":{"allow":["GET"]}}],"collection":[{"href":"https:\/\/webciudadana.net\/index.php?rest_route=\/wp\/v2\/posts"}],"about":[{"href":"https:\/\/webciudadana.net\/index.php?rest_route=\/wp\/v2\/types\/post"}],"author":[{"embeddable":true,"href":"https:\/\/webciudadana.net\/index.php?rest_route=\/wp\/v2\/users\/1"}],"replies":[{"embeddable":true,"href":"https:\/\/webciudadana.net\/index.php?rest_route=%2Fwp%2Fv2%2Fcomments&post=63769"}],"version-history":[{"count":0,"href":"https:\/\/webciudadana.net\/index.php?rest_route=\/wp\/v2\/posts\/63769\/revisions"}],"wp:attachment":[{"href":"https:\/\/webciudadana.net\/index.php?rest_route=%2Fwp%2Fv2%2Fmedia&parent=63769"}],"wp:term":[{"taxonomy":"category","embeddable":true,"href":"https:\/\/webciudadana.net\/index.php?rest_route=%2Fwp%2Fv2%2Fcategories&post=63769"},{"taxonomy":"post_tag","embeddable":true,"href":"https:\/\/webciudadana.net\/index.php?rest_route=%2Fwp%2Fv2%2Ftags&post=63769"}],"curies":[{"name":"wp","href":"https:\/\/api.w.org\/{rel}","templated":true}]}}