{"id":63772,"date":"2025-09-24T18:46:25","date_gmt":"2025-09-24T16:46:25","guid":{"rendered":"https:\/\/ticker-noticiasep.microcontenidos.com\/NoticiaRSS.vbhtml?user=FRND562DLP&amp;cod=20250924184625"},"modified":"2025-09-24T18:46:25","modified_gmt":"2025-09-24T16:46:25","slug":"mundo-bmc-medical-presenta-innovaciones-en-el-cuidado-respiratorio-y-del-sueno-en-ers-2025-en-amsterdam","status":"publish","type":"post","link":"https:\/\/webciudadana.net\/?p=63772","title":{"rendered":"Mundo: BMC Medical presenta innovaciones en el cuidado respiratorio y del sue\u00f1o en ERS 2025 en \u00c1msterdam"},"content":{"rendered":"\n<div><img decoding=\"async\" src=\"https:\/\/img.europapress.es\/fotoweb\/fotonoticia_20250924184625_300.jpg\" class=\"ff-og-image-inserted\"><\/div>\n<p>(Informaci\u00f3n remitida por la empresa firmante)<\/p>\n<p>\n\u00c1MSTERDAM, 24 de septiembre de 2025\/PRNewswire\/ &#8212; BMC Medical, proveedor global de soluciones respiratorias y para el sue\u00f1o, va a presentar su \u00faltima cartera durante la celebraci\u00f3n del Congreso Internacional de la Sociedad Respiratoria Europea (ERS) 2025, que tendr\u00e1 lugar en \u00c1msterdam del 28 de septiembre al 1 de octubre.<\/p>\n<p> En el pabell\u00f3n 1, expositor H.13, BMC presentar\u00e1 tres importantes innovaciones de productos dise\u00f1adas para mejorar la atenci\u00f3n centrada en el paciente y la toma de decisiones cl\u00ednicas:<\/p>\n<p>\nM\u00e1scara de la serie 6S: m\u00e1scara de \u00faltima generaci\u00f3n dise\u00f1ada para mejorar la comodidad y el ajuste, lo que garantiza una mejor adherencia para los pacientes.<\/p>\n<p>\nG3 A20: dispositivo CPAP con una adaptabilidad y personalizaci\u00f3n mejoradas, que optimiza los resultados del tratamiento.<\/p>\n<p>\nNuevos dispositivos de prueba del sue\u00f1o en el hogar, YH-S900C y YH-S900B: herramientas de diagn\u00f3stico port\u00e1tiles que permiten realizar pruebas del sue\u00f1o m\u00e1s accesibles y precisas en el hogar.<\/p>\n<p> Adem\u00e1s de la exposici\u00f3n, BMC organizar\u00e1 una sesi\u00f3n de talleres patrocinada:<\/p>\n<p>\n\u00abEl futuro de la monitorizaci\u00f3n de la CPAP: \u00bfqu\u00e9 hay que cambiar hoy?\u00bb.<\/p>\n<p> Martes, 15 de septiembre, 14:00-14:45 | Sala E103-104<\/p>\n<p>\nLa sesi\u00f3n contar\u00e1 con la participaci\u00f3n de expertos destacados, entre los que se incluyen:<\/p>\n<p>\nDoctora Renata Riha (Universidad de Edimburgo, Reino Unido)<\/p>\n<p>\nProfesor Jean-Louis P\u00e9pin (Hospital Universitario de Grenoble, Francia)<\/p>\n<p>\nModeradores: Doctor Ding Zou (Universidad de Gotemburgo, Suecia) y Doctor Abdelkebir Sabil (director m\u00e9dico global de BMC, Francia)<\/p>\n<p>\nEl debate explorar\u00e1 la transici\u00f3n de un objetivo de adherencia \u00fanico para todos de \u00ab4 horas\/noche\u00bb hacia una gesti\u00f3n de la CPAP estratificada por fenotipos y orientada a los resultados. Se har\u00e1 hincapi\u00e9 en la integraci\u00f3n de la monitorizaci\u00f3n remota, la inteligencia artificial y los datos multimodales para mejorar los resultados a largo plazo de los pacientes y reducir el riesgo cardiovascular.<\/p>\n<p> Acerca de BMC Medical<\/p>\n<p>\nFundada en 2001, BMC Medicalse dedica a asociarse con familias de todo el mundo para superar las molestias de las enfermedades respiratorias cr\u00f3nicas con productos de calidad, servicios profesionales y atenci\u00f3n proactiva.<\/p>\n<p> Foto &#8211; https:\/\/mma.prnewswire.com\/media\/2779576\/ers_workshop_invitation.jpg<\/p>\n<p> View original content:https:\/\/www.prnewswire.com\/news-releases\/bmc-medical-presenta-innovaciones-en-el-cuidado-respiratorio-y-del-sueno-en-ers-2025-en-amsterdam-302566145.html<\/p>\n","protected":false},"excerpt":{"rendered":"<p>(Informaci\u00f3n remitida por la empresa firmante) \u00c1MSTERDAM, 24 de septiembre de 2025\/PRNewswire\/ &#8212; BMC Medical, proveedor global de soluciones respiratorias y para el sue\u00f1o, va a presentar su \u00faltima cartera durante la celebraci\u00f3n del Congreso Internacional de la Sociedad Respiratoria Europea (ERS) 2025, que tendr\u00e1 lugar en \u00c1msterdam del 28 de septiembre al 1 de [&hellip;]<\/p>\n","protected":false},"author":1,"featured_media":0,"comment_status":"closed","ping_status":"closed","sticky":false,"template":"","format":"standard","meta":{"footnotes":""},"categories":[2],"tags":[],"class_list":["post-63772","post","type-post","status-publish","format-standard","hentry","category-noticias"],"_links":{"self":[{"href":"https:\/\/webciudadana.net\/index.php?rest_route=\/wp\/v2\/posts\/63772","targetHints":{"allow":["GET"]}}],"collection":[{"href":"https:\/\/webciudadana.net\/index.php?rest_route=\/wp\/v2\/posts"}],"about":[{"href":"https:\/\/webciudadana.net\/index.php?rest_route=\/wp\/v2\/types\/post"}],"author":[{"embeddable":true,"href":"https:\/\/webciudadana.net\/index.php?rest_route=\/wp\/v2\/users\/1"}],"replies":[{"embeddable":true,"href":"https:\/\/webciudadana.net\/index.php?rest_route=%2Fwp%2Fv2%2Fcomments&post=63772"}],"version-history":[{"count":0,"href":"https:\/\/webciudadana.net\/index.php?rest_route=\/wp\/v2\/posts\/63772\/revisions"}],"wp:attachment":[{"href":"https:\/\/webciudadana.net\/index.php?rest_route=%2Fwp%2Fv2%2Fmedia&parent=63772"}],"wp:term":[{"taxonomy":"category","embeddable":true,"href":"https:\/\/webciudadana.net\/index.php?rest_route=%2Fwp%2Fv2%2Fcategories&post=63772"},{"taxonomy":"post_tag","embeddable":true,"href":"https:\/\/webciudadana.net\/index.php?rest_route=%2Fwp%2Fv2%2Ftags&post=63772"}],"curies":[{"name":"wp","href":"https:\/\/api.w.org\/{rel}","templated":true}]}}