{"id":63794,"date":"2025-09-25T10:18:43","date_gmt":"2025-09-25T08:18:43","guid":{"rendered":"https:\/\/ticker-noticiasep.microcontenidos.com\/NoticiaRSS.vbhtml?user=FRND562DLP&amp;cod=20250925101843"},"modified":"2025-09-25T10:18:43","modified_gmt":"2025-09-25T08:18:43","slug":"sociedad-el-investigador-marc-grau-nuevo-director-del-instituto-de-estudios-superiores-de-la-familia-de-uic-barcelona","status":"publish","type":"post","link":"https:\/\/webciudadana.net\/?p=63794","title":{"rendered":"Sociedad: El investigador Marc Grau, nuevo director del Instituto de Estudios Superiores de la Familia de UIC Barcelona"},"content":{"rendered":"\n<div><img decoding=\"async\" src=\"https:\/\/img.europapress.es\/fotoweb\/fotonoticia_20250925101843_300.jpg\" class=\"ff-og-image-inserted\"><\/div>\n<p>(Informaci\u00f3n remitida por la empresa firmante)<\/p>\n<p>\nGrau asegura que uno de sus objetivos es \u00abhacer crecer el m\u00fasculo investigador\u00bb de esta instituci\u00f3n.<\/p>\n<p> Barcelona, 25 de septiembre de 2025.- El profesor e investigador Marc Grau ha sido nombrado nuevo director del Instituto de Estudios Superiores de la Familia (IESF) de UIC Barcelona, una instituci\u00f3n que pretende contribuir al progreso y al desarrollo de la sociedad a partir de la investigaci\u00f3n, la docencia y la difusi\u00f3n de temas vinculados con la familia.<\/p>\n<p> Grau, que sustituye en el cargo a Montserrat Gas, ha asegurado que inicia esta etapa \u00abcon un sentido de responsabilidad e ilusi\u00f3n\u00bb y con el compromiso de \u00abseguir haciendo del IESF un espacio de investigaci\u00f3n, formaci\u00f3n, reflexi\u00f3n y transferencia sobre la familia\u00bb.<\/p>\n<p> El docente de UIC Barcelona inici\u00f3 su vinculaci\u00f3n con el IESF mientras realizaba una tesis doctoral sobre la paternidad en la Universidad de Edimburgo. Tras un a\u00f1o como research fellow en Harvard, regres\u00f3 a UIC Barcelona como investigador postdoctoral, donde ha consolidado su carrera acad\u00e9mica.<\/p>\n<p> Entre los retos que se marca en esta nueva etapa, Marc Grau ha destacado la elaboraci\u00f3n de un plan estrat\u00e9gico 2025-2028, que marcar\u00e1 las l\u00edneas de trabajo de la nueva Junta, formada tambi\u00e9n por Elena Ruis\u00e1nchez y Javier Mart\u00ednez. \u00abQueremos hacer crecer el m\u00fasculo investigador del Instituto\u00bb, ha destacado el nuevo director del IESF.<\/p>\n<p> En el \u00e1mbito de la formaci\u00f3n, el profesor e investigador ha se\u00f1alado la importancia de reforzar los programas existentes, como el de acompa\u00f1amiento familiar, as\u00ed como de impulsar otras iniciativas que den respuesta a necesidades emergentes. En su opini\u00f3n, \u00abla investigaci\u00f3n no se puede quedar s\u00f3lo entre los investigadores, sino que tiene que llegar a las familias y a los colegios\u00bb.<\/p>\n<p> Otro de sus objetivos es potenciar el papel institucional del IESF dentro de la universidad, tejiendo v\u00ednculos con otras facultades e institutos y generando proyectos transversales, con la finalidad de \u00abcontribuir a la misi\u00f3n global de UIC Barcelona\u00bb.<\/p>\n<p> En el \u00e1mbito de la investigaci\u00f3n, el IESF concentra su actividad en cuatro ejes principales: familia, cuidado de los menores y tiempo; familia y pol\u00edticas familiares; familia y digitalizaci\u00f3n; y familia y derecho.<\/p>\n<p>\nPara m\u00e1s informaci\u00f3n:.<\/p>\n<p>\nIrene P\u00e9rez Responsable de comunicaci\u00f3n.<\/p>\n<p>\nT: +34 932 541 800 ext.4251 M: + 34 675 783 427.<\/p>\n<p>\nImmaculada, 22 08017 Barcelona.<\/p>\n<p>\nSobre UIC Barcelona.<\/p>\n<p> La Universitat Internacional de Catalunya (UIC Barcelona) naci\u00f3 en 1997 con el objetivo de ofrecer una formaci\u00f3n universitaria de calidad y promover la investigaci\u00f3n como servicio a la sociedad. Ligada al mundo empresarial y con un marcado car\u00e1cter internacional, imparte 16 grados, 17 dobles grados, 49 dobles titulaciones internacionales y m\u00e1s de 70 m\u00e1sters y una amplia oferta de programas de posgrado en sus dos campus, situados en Barcelona y Sant Cugat del Vall\u00e8s.<\/p>\n<p> Como parte de su compromiso con la sociedad, UIC Barcelona tambi\u00e9n cuenta con tres cl\u00ednicas universitarias ubicadas en el Campus Sant Cugat: la Cl\u00ednica Universitaria de Odontolog\u00eda, Support &#8211; Cl\u00ednica Universitaria de Psicolog\u00eda y Psiquiatr\u00eda, y Cuides UIC Barcelona, centrada en la atenci\u00f3n a pacientes con enfermedades avanzadas y cuidados paliativos.<\/p>\n","protected":false},"excerpt":{"rendered":"<p>(Informaci\u00f3n remitida por la empresa firmante) Grau asegura que uno de sus objetivos es \u00abhacer crecer el m\u00fasculo investigador\u00bb de esta instituci\u00f3n. Barcelona, 25 de septiembre de 2025.- El profesor e investigador Marc Grau ha sido nombrado nuevo director del Instituto de Estudios Superiores de la Familia (IESF) de UIC Barcelona, una instituci\u00f3n que pretende [&hellip;]<\/p>\n","protected":false},"author":1,"featured_media":0,"comment_status":"closed","ping_status":"closed","sticky":false,"template":"","format":"standard","meta":{"footnotes":""},"categories":[2],"tags":[],"class_list":["post-63794","post","type-post","status-publish","format-standard","hentry","category-noticias"],"_links":{"self":[{"href":"https:\/\/webciudadana.net\/index.php?rest_route=\/wp\/v2\/posts\/63794","targetHints":{"allow":["GET"]}}],"collection":[{"href":"https:\/\/webciudadana.net\/index.php?rest_route=\/wp\/v2\/posts"}],"about":[{"href":"https:\/\/webciudadana.net\/index.php?rest_route=\/wp\/v2\/types\/post"}],"author":[{"embeddable":true,"href":"https:\/\/webciudadana.net\/index.php?rest_route=\/wp\/v2\/users\/1"}],"replies":[{"embeddable":true,"href":"https:\/\/webciudadana.net\/index.php?rest_route=%2Fwp%2Fv2%2Fcomments&post=63794"}],"version-history":[{"count":0,"href":"https:\/\/webciudadana.net\/index.php?rest_route=\/wp\/v2\/posts\/63794\/revisions"}],"wp:attachment":[{"href":"https:\/\/webciudadana.net\/index.php?rest_route=%2Fwp%2Fv2%2Fmedia&parent=63794"}],"wp:term":[{"taxonomy":"category","embeddable":true,"href":"https:\/\/webciudadana.net\/index.php?rest_route=%2Fwp%2Fv2%2Fcategories&post=63794"},{"taxonomy":"post_tag","embeddable":true,"href":"https:\/\/webciudadana.net\/index.php?rest_route=%2Fwp%2Fv2%2Ftags&post=63794"}],"curies":[{"name":"wp","href":"https:\/\/api.w.org\/{rel}","templated":true}]}}