{"id":63809,"date":"2025-09-25T18:45:58","date_gmt":"2025-09-25T16:45:58","guid":{"rendered":"https:\/\/ticker-noticiasep.microcontenidos.com\/NoticiaRSS.vbhtml?user=FRND562DLP&amp;cod=20250925184558"},"modified":"2025-09-25T18:45:58","modified_gmt":"2025-09-25T16:45:58","slug":"mundo-la-rlc-fashion-summit-inaugural-convoca-a-lideres-mundiales-de-la-moda-en-milan","status":"publish","type":"post","link":"https:\/\/webciudadana.net\/?p=63809","title":{"rendered":"Mundo: La RLC Fashion Summit inaugural convoca a l\u00edderes mundiales de la moda en Mil\u00e1n"},"content":{"rendered":"\n<div><img decoding=\"async\" src=\"https:\/\/img.europapress.es\/fotoweb\/fotonoticia_20250925184558_300.jpg\" class=\"ff-og-image-inserted\"><\/div>\n<p>(Informaci\u00f3n remitida por la empresa firmante)<\/p>\n<p>\nMIL\u00c1N, 25 de septiembre de 2025 \/PRNewswire\/ &#8212; Hoy, Mil\u00e1n se convirti\u00f3 en el centro de la estrategia de la moda global cuando la primera ever RLC Fashion Summit reuni\u00f3 a 200 l\u00edderes senior del mundo de la moda, el lujo, el comercio minorista, la tecnolog\u00eda y la inversi\u00f3n.<\/p>\n<p> Organizado por el RLC Global Forum, el evento de medio d\u00eda se celebr\u00f3 durante la Semana de la Moda de Mil\u00e1n en MUDEC \u2013 Museo delle Culture, bajo el lema \u00abFuerzas del Ma\u00f1ana\u00bb.<\/p>\n<p> \u00abLa RLC Fashion Summit une dos fuerzas poderosas: la creatividad de la Semana de la Moda de Mil\u00e1n y la toma de decisiones estrat\u00e9gicas necesaria para navegar por el complejo y cambiante panorama actual\u00bb, declar\u00f3 Panos Linardos, presidente del RLC Global Forum. \u00abAl reunir diversas voces en una misma sala, creamos el espacio para la colaboraci\u00f3n y el pensamiento audaz que definir\u00e1 el futuro de nuestra industria\u00bb.<\/p>\n<p> Las palabras de apertura de Panos Linardos destacaron la misi\u00f3n de la cumbre de catalizar nuevas ideas y acciones en los niveles m\u00e1s altos de la industria.<\/p>\n<p> El programa incluy\u00f3 debates din\u00e1micos que reflejaron la naturaleza global de la econom\u00eda de la moda actual:<\/p>\n<p>\nDesbloqueo de la expansi\u00f3n en la cambiante econom\u00eda de la moda del Golfo: <\/p>\n<p>\nShane Eldstrom (consejero delegado, United Developers, Qatar) y Georges Barakat (director, Retail Real Estate Investments, PIF, Arabia Saud\u00ed) examinaron c\u00f3mo los nuevos marcos de pol\u00edticas, las inversiones en infraestructura y las tendencias de consumo est\u00e1n posicionando al Golfo como una de las regiones de lujo de m\u00e1s r\u00e1pido crecimiento en el mundo.<\/p>\n<p>\nMercados fronterizos: los motores de crecimiento emergentes de la moda: <\/p>\n<p>\nJaume Miquel Naudi (consejero delegado, Tendam, Espa\u00f1a) y Fabio Adegas Faccio (consejero delegado, Lojas Renner, Brasil) compartieron perspectivas sobre c\u00f3mo las marcas de moda de valor est\u00e1n escalando en el sudeste asi\u00e1tico y Am\u00e9rica Latina al combinar agilidad, asequibilidad y relevancia cultural.<\/p>\n<p>\nLiderando en la era de la moda inteligente:<\/p>\n<p>\nLa profesora Emanuela Prandelli (Universidad Bocconi) explor\u00f3 el poder transformador de la IA, desde la innovaci\u00f3n de productos y los servicios personalizados hasta la optimizaci\u00f3n de la cadena de suministro y la protecci\u00f3n de la marca.<\/p>\n<p>\nReimaginando el prestigio y la deseabilidad:<\/p>\n<p>\nGiuseppe Santoni (presidente ejecutivo, Santoni) y Stefania Lazzaroni (consejera delegada, Altagamma), moderado por Filippo Bianchi (BCG), analizaron c\u00f3mo las casas italianas siguen marcando pautas mundiales en materia de artesan\u00eda, al tiempo que responden a una nueva generaci\u00f3n de consumidores.<\/p>\n<p>\nDentro del manual de crecimiento de Oriente Medio:<\/p>\n<p>\nMichael Chalhoub (consejero delegado, Chalhoub Group, EAU) se uni\u00f3 a Panos Linardos para una charla informal sobre c\u00f3mo el capital soberano, el turismo y la visi\u00f3n cultural est\u00e1n construyendo nuevos centros de poder para la moda y el comercio minorista.<\/p>\n<p>\nElena Lorenzini, responsable adjunta del Gabinete del ministro Urso \u2013 jefa de la Mesa Redonda de Moda \u2013 Jueza del Tribunal de Cuentas, clausur\u00f3 la Cumbre.<\/p>\n<p> Un tema recurrente en todas las sesiones: el panorama global de la moda est\u00e1 siendo redise\u00f1ado por nuevos mercados, nuevos modelos y nuevas tecnolog\u00edas.<\/p>\n<p> La cumbre destac\u00f3 c\u00f3mo regiones como el Golfo P\u00e9rsico, el Sudeste Asi\u00e1tico y Latinoam\u00e9rica est\u00e1n impulsando la expansi\u00f3n gracias a la juventud, el aumento de la riqueza y la inversi\u00f3n gubernamental en los ecosistemas minoristas y tur\u00edsticos. Estos factores est\u00e1n redefiniendo las estrategias de las marcas globales que buscan equilibrar los mercados tradicionales con futuros centros de crecimiento.<\/p>\n<p> La cumbre de Mil\u00e1n forma parte de una visi\u00f3n m\u00e1s amplia para crear una plataforma global conectada para las industrias de la moda y el lujo.<\/p>\n<p> El trabajo iniciado en Mil\u00e1n continuar\u00e1 en dos pr\u00f3ximos encuentros:<\/p>\n<p>\nOctubre de 2025 \u2013 CEO Summit, Nueva York<\/p>\n<p>\n3\u20134 de febrero de 2026 \u2013 RLC Global Forum, Riyadh<\/p>\n<p>\nFoto &#8212; https:\/\/mma.prnewswire.com\/media\/2782240\/RLC_Fashion_Summit.jpg<\/p>\n<p> View original content:https:\/\/www.prnewswire.com\/es\/comunicados-de-prensa\/la-rlc-fashion-summit-inaugural-convoca-a-lideres-mundiales-de-la-moda-en-milan-302567408.html<\/p>\n","protected":false},"excerpt":{"rendered":"<p>(Informaci\u00f3n remitida por la empresa firmante) MIL\u00c1N, 25 de septiembre de 2025 \/PRNewswire\/ &#8212; Hoy, Mil\u00e1n se convirti\u00f3 en el centro de la estrategia de la moda global cuando la primera ever RLC Fashion Summit reuni\u00f3 a 200 l\u00edderes senior del mundo de la moda, el lujo, el comercio minorista, la tecnolog\u00eda y la inversi\u00f3n. [&hellip;]<\/p>\n","protected":false},"author":1,"featured_media":0,"comment_status":"closed","ping_status":"closed","sticky":false,"template":"","format":"standard","meta":{"footnotes":""},"categories":[2],"tags":[],"class_list":["post-63809","post","type-post","status-publish","format-standard","hentry","category-noticias"],"_links":{"self":[{"href":"https:\/\/webciudadana.net\/index.php?rest_route=\/wp\/v2\/posts\/63809","targetHints":{"allow":["GET"]}}],"collection":[{"href":"https:\/\/webciudadana.net\/index.php?rest_route=\/wp\/v2\/posts"}],"about":[{"href":"https:\/\/webciudadana.net\/index.php?rest_route=\/wp\/v2\/types\/post"}],"author":[{"embeddable":true,"href":"https:\/\/webciudadana.net\/index.php?rest_route=\/wp\/v2\/users\/1"}],"replies":[{"embeddable":true,"href":"https:\/\/webciudadana.net\/index.php?rest_route=%2Fwp%2Fv2%2Fcomments&post=63809"}],"version-history":[{"count":0,"href":"https:\/\/webciudadana.net\/index.php?rest_route=\/wp\/v2\/posts\/63809\/revisions"}],"wp:attachment":[{"href":"https:\/\/webciudadana.net\/index.php?rest_route=%2Fwp%2Fv2%2Fmedia&parent=63809"}],"wp:term":[{"taxonomy":"category","embeddable":true,"href":"https:\/\/webciudadana.net\/index.php?rest_route=%2Fwp%2Fv2%2Fcategories&post=63809"},{"taxonomy":"post_tag","embeddable":true,"href":"https:\/\/webciudadana.net\/index.php?rest_route=%2Fwp%2Fv2%2Ftags&post=63809"}],"curies":[{"name":"wp","href":"https:\/\/api.w.org\/{rel}","templated":true}]}}