{"id":63822,"date":"2025-09-26T09:30:11","date_gmt":"2025-09-26T07:30:11","guid":{"rendered":"https:\/\/ticker-noticiasep.microcontenidos.com\/NoticiaRSS.vbhtml?user=FRND562DLP&amp;cod=20250926093011"},"modified":"2025-09-26T09:30:11","modified_gmt":"2025-09-26T07:30:11","slug":"sociedad-brad-pitt-y-georgina-los-favoritos-de-los-espanoles-para-compartir-un-plato-de-jamon","status":"publish","type":"post","link":"https:\/\/webciudadana.net\/?p=63822","title":{"rendered":"Sociedad: Brad Pitt y Georgina, los favoritos de los espa\u00f1oles para compartir un plato de jam\u00f3n"},"content":{"rendered":"\n<div><img decoding=\"async\" src=\"https:\/\/img.europapress.es\/fotoweb\/fotonoticia_20250926093011_300.jpg\" class=\"ff-og-image-inserted\"><\/div>\n<p>(Informaci\u00f3n remitida por la empresa firmante)<\/p>\n<p>\nEnrique Tom\u00e1s lleva a cabo la encuesta definitiva y pregunta a su comunidad por los personajes m\u00e1s \u201cjamoneros\u201d con motivo del D\u00eda Mundial del Jam\u00f3n que se celebra el 28 de septiembre.<\/p>\n<p>\nBarcelona, 26 de septiembre de 2025. \u2013 Con motivo del D\u00eda del Jam\u00f3n, que se celebra el 28 de septiembre Enrique Tom\u00e1s ha lanzado una votaci\u00f3n entre miles de seguidores a trav\u00e9s de sus redes sociales y p\u00e1gina web para responder a una pregunta muy sencilla: \u00bfcon qu\u00e9 personaje compartir\u00edas un plato de jam\u00f3n ib\u00e9rico?<\/p>\n<p>\nEl resultado ha sido un ranking muy jugoso con sabor internacional y acento espa\u00f1ol, que confirma al jam\u00f3n como un producto universal, capaz de conquistar tanto a estrellas de Hollywood como a referentes de la m\u00fasica y el cine de nuestro pa\u00eds. El D\u00eda Mundial del Jam\u00f3n es una fant\u00e1stica cita para celebrar la calidad de este producto.<\/p>\n<p>\nLos 5 personajes m\u00e1s \u201cjamoneros\u201d<\/p>\n<p>\nTras las votaciones y miles de comentarios, los espa\u00f1oles lo tienen claro. Los favoritos son:<\/p>\n<p>\nBrad Pitt \u2013 El actor estadounidense ha reconocido en entrevistas en Espa\u00f1a que \u201cme gusta mucho el jam\u00f3n y los museos de Espa\u00f1a. Su elecci\u00f3n lo sit\u00faa en lo m\u00e1s alto del ranking.<\/p>\n<p>\nGeorgina Rodr\u00edguez \u2013 Siempre vinculada al mundo del lujo y tambi\u00e9n al de los ib\u00e9ricos, Georgina, protagonista de la docuserie Soy Georgina (Netflix), confes\u00f3: \u201cUn buen ib\u00e9rico para mi significa alegr\u00eda. No podr\u00eda vivir sin los ib\u00e9ricos. Como sin miedo y con placer.\u201d<\/p>\n<p>\nM\u00e1s recientemente, sorprendi\u00f3 en la alfombra roja del 10\u00ba aniversario de Netflix en Espa\u00f1a afirmando: \u201cJam\u00f3n que entra en mi casa, jam\u00f3n que es devorado por m\u00ed.\u201d<\/p>\n<p>\nPen\u00e9lope Cruz \u2013 Nuestra actriz m\u00e1s internacional, embajadora de la cultura espa\u00f1ola en el mundo, es sin\u00f3nimo de elegancia. Adem\u00e1s, tiene una relaci\u00f3n \u00fanica con el jam\u00f3n: su salto a la fama lleg\u00f3 con la pel\u00edcula \u201cJam\u00f3n, Jam\u00f3n\u201d, un t\u00edtulo que ya forma parte de la historia del cine espa\u00f1ol.<\/p>\n<p>\nDavid Bisbal \u2013 Reci\u00e9n nominado a los Grammy Latinos, el artista almeriense arrasa en los escenarios y tambi\u00e9n en esta votaci\u00f3n. Su v\u00ednculo con Enrique Tom\u00e1s es especial: ya fue embajador de la marca, demostrando su pasi\u00f3n por el jam\u00f3n ib\u00e9rico.<\/p>\n<p>\nEstopa \u2013 Los hermanos Mu\u00f1oz, fieles a su estilo cercano y popular, siguen siendo los \u201cjamoneros\u201d de coraz\u00f3n. Su presencia en el ranking es otro homenaje. Embajadores de la marca, representan como nadie el esp\u00edritu aut\u00e9ntico y popular de nuestra cultura.<\/p>\n<p>\nEl resultado de esta votaci\u00f3n refuerza el posicionamiento de Enrique Tom\u00e1s como la marca de referencia en el mundo del jam\u00f3n: el jam\u00f3n favorito de las celebrities. Desde la firma, el objetivo es seguir vinculando la cultura del ib\u00e9rico con rostros nacionales e internacionales, para consolidar su papel como referente gastron\u00f3mico global.<\/p>\n<p>\nUnidos a la m\u00fasica y las grandes celebraciones<\/p>\n<p>\nEl ranking llega apenas una semana despu\u00e9s de que Enrique Tom\u00e1s participara como patrocinador oficial de los Latin Grammy, Celebra la M\u00fasica de Andaluc\u00eda, reforzando as\u00ed la vinculaci\u00f3n de la marca con el mundo de la m\u00fasica, el arte y la cultura.<\/p>\n<p>\n\u201cEn Enrique Tom\u00e1s estamos profundamente unidos y vinculados a las celebraciones que marcan la cultura contempor\u00e1nea, desde los escenarios internacionales hasta los hogares de nuestros clientes\u201d, a\u00f1aden desde la firma.<\/p>\n<p>\nEl D\u00eda del Jam\u00f3n es solo el inicio de una campa\u00f1a que se mantendr\u00e1 activa todo el a\u00f1o, con el objetivo de alcanzar a los protagonistas del ranking y seguir consolidando la comunidad en torno al producto estrella de nuestra gastronom\u00eda. Enrique Tom\u00e1s quiere as\u00ed llegar no solo al p\u00fablico espa\u00f1ol, sino tambi\u00e9n a figuras internacionales como Brad Pitt y Georgina Rodr\u00edguez, reforzando la idea de que el jam\u00f3n ib\u00e9rico es, m\u00e1s que nunca, un producto de culto para las estrellas.<\/p>\n<p>\nSobre Enrique Tom\u00e1s<\/p>\n<p>\nEnrique Tom\u00e1s es el Seleccionador Nacional del Jam\u00f3n. La \u00fanica compa\u00f1\u00eda especializada en elegir el mejor jam\u00f3n ib\u00e9rico de sus diferentes or\u00edgenes, pieza por pieza, con un criterio de calidad \u00fanica para poner a disposici\u00f3n del p\u00fablico el mejor producto gastron\u00f3mico que existe. Su objetivo es ponerle nombre al jam\u00f3n en el mundo y poner a este producto en el lugar que se merece. Para lograrlo lleva desde 1982 dedicado a su selecci\u00f3n y comercializaci\u00f3n. Lo que empez\u00f3 como un negocio en el mercado de La Salud en Badalona (Barcelona), es hoy en d\u00eda una empresa internacional con diferentes \u00e1reas de negocio: desde m\u00e1s de un centenar de tiendas a nivel global, a soluciones de calidad para la gran distribuci\u00f3n, productos gourmet en colaboraci\u00f3n con grandes marcas, eventos y diferentes innovaciones con el que llevar el jam\u00f3n y otros productos selectos ib\u00e9ricos a todos los p\u00fablicos posibles. M\u00e1s informaci\u00f3n en www.enriquetomas.com<\/p>\n<p>\n*<\/p>\n<p>\nEMISOR: Enrique Tom\u00e1s<\/p>\n<p>\nCONTACTOS DE PRENSA:<\/p>\n<p>\nLaia G\u00f3mez \u2013 laia.gomez@enriquetomas.com \/ Tel. +34 664 39 57 71<\/p>\n<p>\nPaula Barjuan \u2013 paula.barjuan@enriquetomas.com<\/p>\n","protected":false},"excerpt":{"rendered":"<p>(Informaci\u00f3n remitida por la empresa firmante) Enrique Tom\u00e1s lleva a cabo la encuesta definitiva y pregunta a su comunidad por los personajes m\u00e1s \u201cjamoneros\u201d con motivo del D\u00eda Mundial del Jam\u00f3n que se celebra el 28 de septiembre. Barcelona, 26 de septiembre de 2025. \u2013 Con motivo del D\u00eda del Jam\u00f3n, que se celebra el [&hellip;]<\/p>\n","protected":false},"author":1,"featured_media":0,"comment_status":"closed","ping_status":"closed","sticky":false,"template":"","format":"standard","meta":{"footnotes":""},"categories":[2],"tags":[],"class_list":["post-63822","post","type-post","status-publish","format-standard","hentry","category-noticias"],"_links":{"self":[{"href":"https:\/\/webciudadana.net\/index.php?rest_route=\/wp\/v2\/posts\/63822","targetHints":{"allow":["GET"]}}],"collection":[{"href":"https:\/\/webciudadana.net\/index.php?rest_route=\/wp\/v2\/posts"}],"about":[{"href":"https:\/\/webciudadana.net\/index.php?rest_route=\/wp\/v2\/types\/post"}],"author":[{"embeddable":true,"href":"https:\/\/webciudadana.net\/index.php?rest_route=\/wp\/v2\/users\/1"}],"replies":[{"embeddable":true,"href":"https:\/\/webciudadana.net\/index.php?rest_route=%2Fwp%2Fv2%2Fcomments&post=63822"}],"version-history":[{"count":0,"href":"https:\/\/webciudadana.net\/index.php?rest_route=\/wp\/v2\/posts\/63822\/revisions"}],"wp:attachment":[{"href":"https:\/\/webciudadana.net\/index.php?rest_route=%2Fwp%2Fv2%2Fmedia&parent=63822"}],"wp:term":[{"taxonomy":"category","embeddable":true,"href":"https:\/\/webciudadana.net\/index.php?rest_route=%2Fwp%2Fv2%2Fcategories&post=63822"},{"taxonomy":"post_tag","embeddable":true,"href":"https:\/\/webciudadana.net\/index.php?rest_route=%2Fwp%2Fv2%2Ftags&post=63822"}],"curies":[{"name":"wp","href":"https:\/\/api.w.org\/{rel}","templated":true}]}}