{"id":63836,"date":"2025-09-29T13:38:42","date_gmt":"2025-09-29T11:38:42","guid":{"rendered":"https:\/\/ticker-noticiasep.microcontenidos.com\/NoticiaRSS.vbhtml?user=FRND562DLP&amp;cod=20250929133842"},"modified":"2025-09-29T13:38:42","modified_gmt":"2025-09-29T11:38:42","slug":"mundo-gac-lanza-su-marca-y-nuevos-vehiculos-en-portugal-marcando-un-nuevo-hito-en-su-trayectoria-europea","status":"publish","type":"post","link":"https:\/\/webciudadana.net\/?p=63836","title":{"rendered":"Mundo: GAC lanza su marca y nuevos veh\u00edculos en Portugal, marcando un nuevo hito en su trayectoria europea"},"content":{"rendered":"\n<div><img decoding=\"async\" src=\"https:\/\/img.europapress.es\/fotoweb\/fotonoticia_20250929133842_300.jpg\" class=\"ff-og-image-inserted\"><\/div>\n<p>(Informaci\u00f3n remitida por la empresa firmante)<\/p>\n<p>\nCASCAIS, Portugal, 29 de septiembre de 2025 \/PRNewswire\/ &#8212; GAC celebr\u00f3 recientemente un evento de lanzamiento en el Castillo Chrismina de Cascais, Portugal, para presentar oficialmente la marca GAC y su primer lote de veh\u00edculos AION al mercado portugu\u00e9s. Portugal es el segundo mercado europeo donde GAC se lanza oficialmente, ofreciendo a los consumidores locales una nueva experiencia de viaje que combina artesan\u00eda exquisita y tecnolog\u00eda de vanguardia.<\/p>\n<p> El momento culminante del evento fue la presentaci\u00f3n del primer modelo europeo, el AION V, mediante una innovadora cortina tensora. El AION V, con sus principales virtudes: seguridad, sostenibilidad y confort, satisface a la perfecci\u00f3n las necesidades de movilidad el\u00e9ctrica de alta gama de la familia europea.<\/p>\n<p> En cuanto a seguridad, el veh\u00edculo ha obtenido la certificaci\u00f3n de cinco estrellas E-NCAP 2025 y est\u00e1 equipado con el Sistema de Bater\u00eda de Cargador de Segunda Generaci\u00f3n, que alcanza un alto nivel de seguridad que evita que se produzcan incendios por explosiones. Su autonom\u00eda permite cubrir las necesidades diarias de desplazamientos y viajes de larga distancia, mientras que la funci\u00f3n de carga r\u00e1pida alivia eficazmente la ansiedad por la autonom\u00eda y mejora significativamente la eficiencia del viaje. La experiencia inteligente y c\u00f3moda incluye una cabina inteligente avanzada y funciones de asistencia a la conducci\u00f3n, que hacen que la experiencia sea m\u00e1s f\u00e1cil y segura. En cuanto a dise\u00f1o, el AION V presenta los llamativos faros LED \u00abCyber Dragon Claw\u00bb y l\u00edneas fluidas de carrocer\u00eda con manijas de las puertas integradas, que combinan una apariencia deportiva vanguardista con una funcionalidad moderna. El espacioso interior y el c\u00f3modo dise\u00f1o de los asientos se adaptan a las necesidades de los viajes familiares, garantizando una experiencia c\u00f3moda tanto para el uso diario como para los viajes largos. Los pasajeros se benefician de una pantalla t\u00e1ctil de 14,6&#8243; y un maletero de hasta 978 litros de capacidad.<\/p>\n<p> El lanzamiento atrajo la atenci\u00f3n de los medios de comunicaci\u00f3n portugueses, personalidades destacadas de la sociedad y socios clave, quienes experimentaron el AION V en una prueba de conducci\u00f3n din\u00e1mica por la pintoresca carretera costera N247 para comprobar el rendimiento din\u00e1mico, la precisi\u00f3n del manejo y la comodidad de conducci\u00f3n de los veh\u00edculos AION. El evento de lanzamiento en Portugal marc\u00f3 un hito importante para GAC INTERNATIONAL con su entrada en el mercado europeo.<\/p>\n<p> Durante el evento, GAC anunci\u00f3 el precio de lanzamiento del AION V en Portugal: hasta 29.990 \u20ac m\u00e1s IVA. La llegada del AION V a Portugal no solo marca la entrada de GAC en el mercado nacional, sino que tambi\u00e9n subraya el compromiso constante de la marca con el avance de la movilidad el\u00e9ctrica y sostenible en toda Europa.<\/p>\n<p> Foto &#8211; https:\/\/mma.prnewswire.com\/media\/2782939\/GAC.jpg<\/p>\n<p> View original content:https:\/\/www.prnewswire.com\/news-releases\/gac-lanza-su-marca-y-nuevos-vehiculos-en-portugal-marcando-un-nuevo-hito-en-su-trayectoria-europea-302569440.html<\/p>\n","protected":false},"excerpt":{"rendered":"<p>(Informaci\u00f3n remitida por la empresa firmante) CASCAIS, Portugal, 29 de septiembre de 2025 \/PRNewswire\/ &#8212; GAC celebr\u00f3 recientemente un evento de lanzamiento en el Castillo Chrismina de Cascais, Portugal, para presentar oficialmente la marca GAC y su primer lote de veh\u00edculos AION al mercado portugu\u00e9s. Portugal es el segundo mercado europeo donde GAC se lanza [&hellip;]<\/p>\n","protected":false},"author":1,"featured_media":0,"comment_status":"closed","ping_status":"closed","sticky":false,"template":"","format":"standard","meta":{"footnotes":""},"categories":[2],"tags":[],"class_list":["post-63836","post","type-post","status-publish","format-standard","hentry","category-noticias"],"_links":{"self":[{"href":"https:\/\/webciudadana.net\/index.php?rest_route=\/wp\/v2\/posts\/63836","targetHints":{"allow":["GET"]}}],"collection":[{"href":"https:\/\/webciudadana.net\/index.php?rest_route=\/wp\/v2\/posts"}],"about":[{"href":"https:\/\/webciudadana.net\/index.php?rest_route=\/wp\/v2\/types\/post"}],"author":[{"embeddable":true,"href":"https:\/\/webciudadana.net\/index.php?rest_route=\/wp\/v2\/users\/1"}],"replies":[{"embeddable":true,"href":"https:\/\/webciudadana.net\/index.php?rest_route=%2Fwp%2Fv2%2Fcomments&post=63836"}],"version-history":[{"count":0,"href":"https:\/\/webciudadana.net\/index.php?rest_route=\/wp\/v2\/posts\/63836\/revisions"}],"wp:attachment":[{"href":"https:\/\/webciudadana.net\/index.php?rest_route=%2Fwp%2Fv2%2Fmedia&parent=63836"}],"wp:term":[{"taxonomy":"category","embeddable":true,"href":"https:\/\/webciudadana.net\/index.php?rest_route=%2Fwp%2Fv2%2Fcategories&post=63836"},{"taxonomy":"post_tag","embeddable":true,"href":"https:\/\/webciudadana.net\/index.php?rest_route=%2Fwp%2Fv2%2Ftags&post=63836"}],"curies":[{"name":"wp","href":"https:\/\/api.w.org\/{rel}","templated":true}]}}