{"id":63837,"date":"2025-09-29T14:17:17","date_gmt":"2025-09-29T12:17:17","guid":{"rendered":"https:\/\/ticker-noticiasep.microcontenidos.com\/NoticiaRSS.vbhtml?user=FRND562DLP&amp;cod=20250929141717"},"modified":"2025-09-29T14:17:17","modified_gmt":"2025-09-29T12:17:17","slug":"formacion-gratuita-en-sistemas-sate-empleo-y-profesionalizacion-en-el-sector-de-la-construccion","status":"publish","type":"post","link":"https:\/\/webciudadana.net\/?p=63837","title":{"rendered":"Formaci\u00f3n gratuita en sistemas SATE: empleo y profesionalizaci\u00f3n en el sector de la construcci\u00f3n"},"content":{"rendered":"\n<div><img decoding=\"async\" src=\"https:\/\/img.europapress.es\/fotoweb\/fotonoticia_20250929141717_300.jpg\" class=\"ff-og-image-inserted\"><\/div>\n<p>(Informaci\u00f3n remitida por la empresa firmante)<\/p>\n<p> Sant Quirze del Vall\u00e9s, 29 de septiembre de 2025. <\/p>\n<p> La necesidad de renovar el parque de edificios en Espa\u00f1a con criterios de eficiencia energ\u00e9tica y sostenibilidad ha hecho que los sistemas SATE (Sistemas de Aislamiento T\u00e9rmico por el Exterior) cobren protagonismo en la edificaci\u00f3n moderna.<\/p>\n<p> Sin embargo, su instalaci\u00f3n sigue siendo, para muchos profesionales, una especialidad desconocida o poco accesible desde el punto de vista formativo.<\/p>\n<p> Cualificaci\u00f3n t\u00e9cnica en un mercado que demanda empleo especializado Seg\u00fan las estimaciones presentadas por la vicepresidenta Teresa Ribera en 2023, el sector de la construcci\u00f3n necesitar\u00e1 al menos 700.000 trabajadores adicionales para cumplir con los planes de rehabilitaci\u00f3n energ\u00e9tica de edificios impulsados por los fondos europeos del Plan de Recuperaci\u00f3n y el programa Next Generation EU.<\/p>\n<p> La instalaci\u00f3n de soluciones como el SATE (Sistema de Aislamiento T\u00e9rmico por el Exterior) se perfila como uno de los vectores clave de esta transformaci\u00f3n, en l\u00ednea con las exigencias de la Directiva de Eficiencia Energ\u00e9tica de Edificios (EPBD).<\/p>\n<p> No obstante, la falta de mano de obra cualificada contin\u00faa siendo una barrera estructural.<\/p>\n<p> Informes del Observatorio Industrial de la Construcci\u00f3n advierten que gran parte de las empresas encuentran dificultades para cubrir perfiles t\u00e9cnicos y atraer nuevas generaciones al sector, ya que los menores de 30 a\u00f1os apenas representan en torno al 9-11 % de la plantilla actual (Fundaci\u00f3n Laboral de la Construcci\u00f3n).<\/p>\n<p> \u201cFormaciones como esta no s\u00f3lo actualizan conocimientos.<\/p>\n<p> En muchos casos, abren una v\u00eda de diversificaci\u00f3n profesional o permiten a empresas peque\u00f1as acceder a obras de mayor exigencia t\u00e9cnica\u201d \u2026 \u201c Nuestra intenci\u00f3n es democratizar el acceso a este tipo de conocimientos.<\/p>\n<p> El SATE no debe ser un sistema reservado a grandes constructoras o especialistas, sino una oportunidad para cualquier profesional que quiera diferenciarse y adaptarse a las nuevas exigencias del mercado\u201d a\u00f1aden desde Diaterm.<\/p>\n<p> Conscientes de esta brecha, Diaterm; una empresa catalana, especializada en soluciones de aislamiento y eficiencia energ\u00e9tica, ha organizado por tercera edici\u00f3n consecutiva una formaci\u00f3n te\u00f3rico-pr\u00e1ctica gratuita en sistemas SATE, impartida por el fabricante l\u00edder Fassa Bortolo en el aula formativa de Diaterm ubicada en Sant Quirze del Vall\u00e9s.<\/p>\n<p> Esta iniciativa, de car\u00e1cter abierto y sin coste, ya ha formado a m\u00e1s de 50 empresas y profesionales del sector.<\/p>\n<p> Un sistema clave para el futuro de la edificaci\u00f3n El SATE no es s\u00f3lo una soluci\u00f3n de aislamiento; es una herramienta estrat\u00e9gica para alcanzar los objetivos europeos de descarbonizaci\u00f3n, eficiencia y confort en los edificios.<\/p>\n<p> Su aplicaci\u00f3n reduce la demanda energ\u00e9tica del inmueble hasta en un 50%, mejora la durabilidad de la fachada y contribuye a la salud interior del edificio.<\/p>\n<p> Pese a sus beneficios, muchos instaladores todav\u00eda sienten cierto respeto o inseguridad ante su implementaci\u00f3n, debido a la falta de formaci\u00f3n espec\u00edfica o experiencia pr\u00e1ctica.<\/p>\n<p> Por ello, la iniciativa liderada por Diaterm y Fassa Bortolo pone especial \u00e9nfasis en la formaci\u00f3n pr\u00e1ctica, ofreciendo a los participantes la posibilidad de manipular materiales, herramientas y sistemas reales bajo la supervisi\u00f3n directa de t\u00e9cnicos expertos.<\/p>\n<p> Un espacio para crecer profesionalmente El Aula Formativa de Diaterm, ubicada en su almac\u00e9n de Sant Quirze del Vall\u00e9s en Barcelona, se ha convertido en los \u00faltimos a\u00f1os en un punto de encuentro para profesionales, fabricantes y t\u00e9cnicos del sector de la edificaci\u00f3n.<\/p>\n<p> Desde aqu\u00ed, se han organizado diversas jornadas orientadas a la hermeticidad, aislamiento ac\u00fastico, protecci\u00f3n pasiva y sistemas industrializados.<\/p>\n<p> Esta tercera edici\u00f3n de la formaci\u00f3n en sistemas SATE reafirma el compromiso de la empresa con un modelo de construcci\u00f3n eficiente, profesionalizada y abierta a nuevas oportunidades de empleo.<\/p>\n<p> Para inscribirse solo es necesario rellenar un formulario desde la secci\u00f3n de formaciones en la web de Diaterm.&nbsp;<\/p>\n<p>\nEmisor: Diaterm Distribuciones<\/p>\n<p>\nContacto: Juan Carlos Arias 93 736 32 60 jcarlos@diaterm.com<\/p>\n","protected":false},"excerpt":{"rendered":"<p>(Informaci\u00f3n remitida por la empresa firmante) Sant Quirze del Vall\u00e9s, 29 de septiembre de 2025. La necesidad de renovar el parque de edificios en Espa\u00f1a con criterios de eficiencia energ\u00e9tica y sostenibilidad ha hecho que los sistemas SATE (Sistemas de Aislamiento T\u00e9rmico por el Exterior) cobren protagonismo en la edificaci\u00f3n moderna. Sin embargo, su instalaci\u00f3n [&hellip;]<\/p>\n","protected":false},"author":1,"featured_media":0,"comment_status":"closed","ping_status":"closed","sticky":false,"template":"","format":"standard","meta":{"footnotes":""},"categories":[2],"tags":[],"class_list":["post-63837","post","type-post","status-publish","format-standard","hentry","category-noticias"],"_links":{"self":[{"href":"https:\/\/webciudadana.net\/index.php?rest_route=\/wp\/v2\/posts\/63837","targetHints":{"allow":["GET"]}}],"collection":[{"href":"https:\/\/webciudadana.net\/index.php?rest_route=\/wp\/v2\/posts"}],"about":[{"href":"https:\/\/webciudadana.net\/index.php?rest_route=\/wp\/v2\/types\/post"}],"author":[{"embeddable":true,"href":"https:\/\/webciudadana.net\/index.php?rest_route=\/wp\/v2\/users\/1"}],"replies":[{"embeddable":true,"href":"https:\/\/webciudadana.net\/index.php?rest_route=%2Fwp%2Fv2%2Fcomments&post=63837"}],"version-history":[{"count":0,"href":"https:\/\/webciudadana.net\/index.php?rest_route=\/wp\/v2\/posts\/63837\/revisions"}],"wp:attachment":[{"href":"https:\/\/webciudadana.net\/index.php?rest_route=%2Fwp%2Fv2%2Fmedia&parent=63837"}],"wp:term":[{"taxonomy":"category","embeddable":true,"href":"https:\/\/webciudadana.net\/index.php?rest_route=%2Fwp%2Fv2%2Fcategories&post=63837"},{"taxonomy":"post_tag","embeddable":true,"href":"https:\/\/webciudadana.net\/index.php?rest_route=%2Fwp%2Fv2%2Ftags&post=63837"}],"curies":[{"name":"wp","href":"https:\/\/api.w.org\/{rel}","templated":true}]}}