{"id":63840,"date":"2025-09-29T18:42:07","date_gmt":"2025-09-29T16:42:07","guid":{"rendered":"https:\/\/ticker-noticiasep.microcontenidos.com\/NoticiaRSS.vbhtml?user=FRND562DLP&amp;cod=20250929184207"},"modified":"2025-09-29T18:42:07","modified_gmt":"2025-09-29T16:42:07","slug":"mundo-se-inaugura-en-atenas-la-exposicion-memoria-del-mundo-vision-de-paz","status":"publish","type":"post","link":"https:\/\/webciudadana.net\/?p=63840","title":{"rendered":"Mundo: Se inaugura en Atenas la exposici\u00f3n \u00abMemoria del Mundo, Visi\u00f3n de Paz\u00bb"},"content":{"rendered":"\n<p>(Informaci\u00f3n remitida por la empresa firmante)<\/p>\n<p>\nATENAS, Grecia, 29 de septiembre de 2025 \/PRNewswire\/ &#8212; Informe de CICC: Una exposici\u00f3n sobre la Masacre de Nanjing de 1937 se inaugur\u00f3 el jueves en la Sala 7 del Zappeion de Atenas. Esta es la primera vez que el monumento chino dedicado a la tragedia trae sus archivos a Grecia. La muestra permanecer\u00e1 abierta hasta el 30 de septiembre.<\/p>\n<p> Titulada \u00abMemoria del Mundo, Visi\u00f3n de Paz \u2014 El Camino del Desarrollo Pac\u00edfico en la Memoria Urbana\u00bb, la exposici\u00f3n explora c\u00f3mo Nanjing y Atenas, dos antiguas ciudades devastadas durante la Segunda Guerra Mundial, se reconstruyeron en las d\u00e9cadas posteriores y abrazaron la paz como parte de su identidad c\u00edvica.<\/p>\n<p> M\u00e1s de 100 invitados asistieron a la ceremonia de apertura, entre ellos el embajador de China en Grecia, Fang Qiu; el vicegobernador de la regi\u00f3n del \u00c1tica, Giorgos Vlachos; el vicealcalde de Atenas para la Polic\u00eda Municipal y los Espacios P\u00fablicos, Thomas Georgiadis; Marianthi Kafetzi, vicepresidenta de la junta directiva del Comit\u00e9 de Olimpia y Legados de Zappeion Hall; Nikos Koukis, presidente de la Fundaci\u00f3n Hel\u00e9nica para la Cultura; Chloe Balla, presidenta del Centro Sino-Griego para el Di\u00e1logo Intercultural; Theodora Riga, presidenta de Corfu Port Authority S.A. y presidenta de MedCruise; y George Xiradakis, presidente de la Asociaci\u00f3n de Ejecutivos Bancarios y Financieros de la Naviera Hel\u00e9nica.<\/p>\n<p> Canciones de Paz<\/p>\n<p>\nLa ceremonia se inaugur\u00f3 con las actuaciones de coros infantiles de ambos pa\u00edses. Estudiantes griegos cantaron \u00abSi todos los ni\u00f1os del mundo\u00bb y \u00abManos como estas\u00bb, mientras que el coro chino interpret\u00f3 \u00abQue el mundo se llene de amor\u00bb.<\/p>\n<p> Los organizadores afirmaron que la actuaci\u00f3n simboliz\u00f3 el tema de la exposici\u00f3n: \u00abChina y Grecia son civilizaciones antiguas unidas por el doloroso recuerdo de la guerra. Recordando la historia y protegiendo la verdad, podemos preservar la paz y salvaguardar la civilizaci\u00f3n humana\u00bb.<\/p>\n<p> Los l\u00edderes llaman al di\u00e1logo<\/p>\n<p>\nEn su discurso, el embajador Fang describi\u00f3 el evento como \u00abun di\u00e1logo entre dos grandes civilizaciones. Juntos debemos defender la verdad de la historia, defender el legado de paz y contribuir a la construcci\u00f3n de una comunidad de futuro compartido para la humanidad\u00bb.<\/p>\n<p> El vicegobernador Giorgos Vlachos, hablando en nombre del gobernador de \u00c1tica, Nikos Hardalias, traz\u00f3 paralelismos entre el sufrimiento de Nanjing durante la guerra y la propia experiencia de Grecia durante la ocupaci\u00f3n del Eje. \u00abLas atrocidades de la Masacre de Nanjing revelan la profundidad de la crueldad humana\u00bb, declar\u00f3. \u00abNo puedo evitar recordar las dificultades que sufri\u00f3 nuestra regi\u00f3n en 1942. La memoria de una ciudad no se limita solo al pasado, sino que tambi\u00e9n sienta las bases para un futuro basado en el di\u00e1logo, la comprensi\u00f3n y la coexistencia\u00bb.<\/p>\n<p> Recordando las atrocidades<\/p>\n<p>\nLa Masacre de Nanjing ocurri\u00f3 despu\u00e9s de que las fuerzas japonesas capturaran la entonces capital de China el 13 de diciembre de 1937. Durante seis semanas, los soldados asesinaron a m\u00e1s de 300.000 civiles y prisioneros de guerra, mientras que decenas de miles de mujeres fueron v\u00edctimas de violencia sexual.<\/p>\n<p> La exposici\u00f3n utiliza m\u00e1s de 170 fotograf\u00edas, 40 artefactos y exhibiciones multimedia para documentar los acontecimientos. Se exhiben im\u00e1genes excepcionales del misionero estadounidense John Magee, junto con testimonios de supervivientes y documentos legales de tribunales de posguerra.<\/p>\n<p> La muestra tambi\u00e9n destaca la masacre de Kalavryta en Grecia en 1943, donde las fuerzas nazis ejecutaron a casi 700 hombres y ni\u00f1os, lo que subraya los paralelismos entre las experiencias de guerra de ambas naciones.<\/p>\n<p> Temas de la exposici\u00f3n<\/p>\n<p>\nLa exposici\u00f3n se divide en tres secciones:<\/p>\n<p>\nRecuerdos del trauma de la Segunda Guerra Mundial: Nanjing en tiempos de guerra, rescate humanitario y documentaci\u00f3n internacional.<\/p>\n<p>\nMemoria urbana despu\u00e9s de la guerra: los juicios de criminales de guerra japoneses en Tokio y Nanjing, y la reconstrucci\u00f3n de la ciudad tras la guerra en materia de educaci\u00f3n, econom\u00eda y patrimonio.<\/p>\n<p>\nUna visi\u00f3n compartida de la paz: tradiciones conmemorativas en China y Grecia, incluyendo el \u00abD\u00eda Ohi\u00bb en Grecia y el D\u00eda Nacional Conmemorativo de China para las V\u00edctimas de la Masacre de Nanjing, as\u00ed como el reconocimiento de Nanjing como la primera \u00abCiudad Internacional de la Paz\u00bb de China.<\/p>\n<p> Reacciones locales<\/p>\n<p>\nEl teniente de alcalde de Atenas, Thomas Georgiadis, calific\u00f3 el evento como \u00abuna exposici\u00f3n impactante que refleja tanto la tragedia como la renovaci\u00f3n\u00bb.<\/p>\n<p> Efthymios Tsiknis, presidente del Archivo Fotogr\u00e1fico Hist\u00f3rico de la Grecia Moderna, declar\u00f3: \u00abOrganizar esta exposici\u00f3n en Atenas es un honor. La inclusi\u00f3n de los Archivos de la Masacre de Nanjing en el Registro de la Memoria del Mundo de la UNESCO garantiza la preservaci\u00f3n de esta historia a nivel mundial. Nos encantar\u00eda tener la oportunidad de compartir las exposiciones griegas sobre la Segunda Guerra Mundial con el p\u00fablico de China\u00bb.<\/p>\n<p> Nikos Kazamias, m\u00fasico de la Escuela Doukas, a\u00f1adi\u00f3: \u00abEste evento nos recuerda la importancia de la paz, a la vez que fortalece los lazos culturales entre nuestros dos pa\u00edses. Me enorgullece que nuestro coro haya transmitido un mensaje de amistad y cooperaci\u00f3n\u00bb.<\/p>\n<p> Un viaje global<\/p>\n<p>\nDesde 2015, cuando los Archivos de la Masacre de Nanjing se incorporaron al Registro de la Memoria del Mundo de la UNESCO, se han realizado exposiciones en ciudades como Los \u00c1ngeles, Mosc\u00fa, Florencia, Manila, Caen, Minsk, Praga, Aarhus, Madrid y Budapest.<\/p>\n<p> La exposici\u00f3n de Atenas ampl\u00eda este recorrido internacional, ofreciendo al p\u00fablico griego y mundial la oportunidad de reflexionar sobre la historia de la guerra y la importancia universal de la paz.<\/p>\n<p> La exposici\u00f3n est\u00e1 organizada conjuntamente por la Oficina de Informaci\u00f3n del Consejo de Estado de China, la Administraci\u00f3n Nacional del Patrimonio Cultural y la Embajada de China en Grecia, y es acogida por asociaciones culturales de Jiangsu y Nanjing, el Sal\u00f3n Conmemorativo de las V\u00edctimas de la Masacre de Nanjing y el Centro de Comunicaci\u00f3n Intercontinental de China, con el apoyo de la Asociaci\u00f3n Cultural Heleno-China.<\/p>\n<p> Memoria compartida, paz compartida<\/p>\n<p>\nAl conectar las historias de Nanjing y Atenas, la exposici\u00f3n subraya una lecci\u00f3n universal: la memoria no se trata solo de honrar a las v\u00edctimas de la guerra, sino tambi\u00e9n de sentar las bases para el di\u00e1logo, la cooperaci\u00f3n y la paz.<\/p>\n<p> \u00abLa historia nos advierte, pero tambi\u00e9n nos gu\u00eda\u00bb, dijo un visitante. \u00abLo que une a Atenas y Nanjing no es solo su dolor, sino tambi\u00e9n su resiliencia y determinaci\u00f3n para garantizar que tragedias como esta no se repitan\u00bb.<\/p>\n<p> Video &#8211; https:\/\/mma.prnewswire.com\/media\/2783170\/Video1.mp4<\/p>\n<p>\nFoto &#8212; https:\/\/mma.prnewswire.com\/media\/2783171\/Photo1.jpg<\/p>\n<p> View original content:https:\/\/www.prnewswire.com\/news-releases\/se-inaugura-en-atenas-la-exposicion-memoria-del-mundo-vision-de-paz-302569762.html<\/p>\n","protected":false},"excerpt":{"rendered":"<p>(Informaci\u00f3n remitida por la empresa firmante) ATENAS, Grecia, 29 de septiembre de 2025 \/PRNewswire\/ &#8212; Informe de CICC: Una exposici\u00f3n sobre la Masacre de Nanjing de 1937 se inaugur\u00f3 el jueves en la Sala 7 del Zappeion de Atenas. Esta es la primera vez que el monumento chino dedicado a la tragedia trae sus archivos [&hellip;]<\/p>\n","protected":false},"author":1,"featured_media":0,"comment_status":"closed","ping_status":"closed","sticky":false,"template":"","format":"standard","meta":{"footnotes":""},"categories":[2],"tags":[],"class_list":["post-63840","post","type-post","status-publish","format-standard","hentry","category-noticias"],"_links":{"self":[{"href":"https:\/\/webciudadana.net\/index.php?rest_route=\/wp\/v2\/posts\/63840","targetHints":{"allow":["GET"]}}],"collection":[{"href":"https:\/\/webciudadana.net\/index.php?rest_route=\/wp\/v2\/posts"}],"about":[{"href":"https:\/\/webciudadana.net\/index.php?rest_route=\/wp\/v2\/types\/post"}],"author":[{"embeddable":true,"href":"https:\/\/webciudadana.net\/index.php?rest_route=\/wp\/v2\/users\/1"}],"replies":[{"embeddable":true,"href":"https:\/\/webciudadana.net\/index.php?rest_route=%2Fwp%2Fv2%2Fcomments&post=63840"}],"version-history":[{"count":0,"href":"https:\/\/webciudadana.net\/index.php?rest_route=\/wp\/v2\/posts\/63840\/revisions"}],"wp:attachment":[{"href":"https:\/\/webciudadana.net\/index.php?rest_route=%2Fwp%2Fv2%2Fmedia&parent=63840"}],"wp:term":[{"taxonomy":"category","embeddable":true,"href":"https:\/\/webciudadana.net\/index.php?rest_route=%2Fwp%2Fv2%2Fcategories&post=63840"},{"taxonomy":"post_tag","embeddable":true,"href":"https:\/\/webciudadana.net\/index.php?rest_route=%2Fwp%2Fv2%2Ftags&post=63840"}],"curies":[{"name":"wp","href":"https:\/\/api.w.org\/{rel}","templated":true}]}}