{"id":63845,"date":"2025-09-30T00:45:34","date_gmt":"2025-09-29T22:45:34","guid":{"rendered":"https:\/\/ticker-noticiasep.microcontenidos.com\/NoticiaRSS.vbhtml?user=FRND562DLP&amp;cod=20250930004534"},"modified":"2025-09-30T00:45:34","modified_gmt":"2025-09-29T22:45:34","slug":"mundo-bulat-utemuratov-foundation-se-une-a-la-coalicion-mundial-de-defensa-del-autismo-en-las-naciones-unidas","status":"publish","type":"post","link":"https:\/\/webciudadana.net\/?p=63845","title":{"rendered":"Mundo: Bulat Utemuratov Foundation se une a la Coalici\u00f3n Mundial de Defensa del Autismo en las Naciones Unidas"},"content":{"rendered":"\n<div><img decoding=\"async\" src=\"https:\/\/img.europapress.es\/fotoweb\/fotonoticia_20250930004534_300.jpg\" class=\"ff-og-image-inserted\"><\/div>\n<p>(Informaci\u00f3n remitida por la empresa firmante)<\/p>\n<p>\nNUEVA YORK, 29 de septiembre de 2025 \/PRNewswire\/ &#8212; La Bulat Utemuratov Foundation se ha unido a la reci\u00e9n creada Coalici\u00f3n Mundial de Defensa del Autismo, lanzada en la Sede de las Naciones Unidas en Nueva York durante un almuerzo ministerial de alto nivel.<\/p>\n<p> La Coalici\u00f3n, creada con el apoyo de la Organizaci\u00f3n Mundial de la Salud (OMS), UNICEF, Autism Speaks y la Qatar Foundation, reunir\u00e1 a expertos internacionales, responsables pol\u00edticos y l\u00edderes de la sociedad civil para fortalecer la inclusi\u00f3n y mejorar la calidad de vida de las personas con autismo en todo el mundo. Su misi\u00f3n es consolidar los esfuerzos de gobiernos, organizaciones internacionales y organizaciones sin \u00e1nimo de lucro para promover los derechos, ampliar la investigaci\u00f3n, mejorar la coordinaci\u00f3n de pol\u00edticas y fortalecer la defensa del autismo.<\/p>\n<p> El evento de lanzamiento en la sede de la ONU cont\u00f3 con la presencia de ministros de salud de varios pa\u00edses, as\u00ed como altos representantes de importantes instituciones y fundaciones internacionales dedicadas a la salud y la educaci\u00f3n. La participaci\u00f3n de la Bulat Utemuratov Foundation destaca la creciente contribuci\u00f3n de Kazajist\u00e1n a las iniciativas globales de salud e inclusi\u00f3n.<\/p>\n<p> Junto con esta iniciativa, la Fundaci\u00f3n firm\u00f3 un Memorando de Cooperaci\u00f3n con la Organizaci\u00f3n Internacional para las Migraciones (OIM), la Agencia de las Naciones Unidas para la Migraci\u00f3n. El acuerdo establece esfuerzos conjuntos para apoyar a las familias migrantes que cr\u00edan ni\u00f1os con autismo, desarrollar programas inclusivos de educaci\u00f3n y atenci\u00f3n m\u00e9dica, y promover el intercambio internacional de conocimientos sobre servicios de apoyo para el autismo.<\/p>\n<p> Ainur Karbozova, consejera delegada de la Bulat Utemuratov Foundation, destac\u00f3 la importancia de estos avances: \u00abDurante m\u00e1s de una d\u00e9cada, la Fundaci\u00f3n ha implementado el programa nacional &#8216;Autismo. Un Mundo para Todos&#8217;, que apoya a ni\u00f1os con autismo y a sus familias en Kazajist\u00e1n. Unirnos a la Coalici\u00f3n Mundial de Defensa del Autismo y colaborar con la OIM nos permitir\u00e1 aportar la experiencia de Kazajist\u00e1n al di\u00e1logo internacional y acelerar la creaci\u00f3n de una sociedad m\u00e1s inclusiva y equitativa en todo el mundo\u00bb.<\/p>\n<p> Desde 2015, la Fundaci\u00f3n ha establecido 13 Centros de Autismo en el marco de su programa Asyl Miras en 12 ciudades de Kazajist\u00e1n. Estos centros operan seg\u00fan est\u00e1ndares internacionales y ofrecen programas conductuales gratuitos basados en m\u00e9todos basados en la evidencia, incluyendo el An\u00e1lisis Aplicado de la Conducta (ABA). Hasta la fecha, m\u00e1s de 25.000 ni\u00f1os y familias han recibido apoyo.<\/p>\n<p> Al unirse a plataformas internacionales como la Coalici\u00f3n Mundial de Defensa del Autismo y establecer nuevas alianzas con instituciones globales, la Fundaci\u00f3n fortalecer\u00e1 su papel en el fomento de la defensa del autismo y la difusi\u00f3n de las mejores pr\u00e1cticas a nivel internacional.<\/p>\n<p> Foto &#8211; https:\/\/mma.prnewswire.com\/media\/2784263\/The_Bulat_Utemuratov_Foundation_Photo.jpg<\/p>\n<p>\nLogo &#8212; https:\/\/mma.prnewswire.com\/media\/2556772\/5535108\/BUF_Logo.jpg<\/p>\n<p> View original content:https:\/\/www.prnewswire.com\/news-releases\/bulat-utemuratov-foundation-se-une-a-la-coalicion-mundial-de-defensa-del-autismo-en-las-naciones-unidas-302570106.html<\/p>\n","protected":false},"excerpt":{"rendered":"<p>(Informaci\u00f3n remitida por la empresa firmante) NUEVA YORK, 29 de septiembre de 2025 \/PRNewswire\/ &#8212; La Bulat Utemuratov Foundation se ha unido a la reci\u00e9n creada Coalici\u00f3n Mundial de Defensa del Autismo, lanzada en la Sede de las Naciones Unidas en Nueva York durante un almuerzo ministerial de alto nivel. La Coalici\u00f3n, creada con el [&hellip;]<\/p>\n","protected":false},"author":1,"featured_media":0,"comment_status":"closed","ping_status":"closed","sticky":false,"template":"","format":"standard","meta":{"footnotes":""},"categories":[2],"tags":[],"class_list":["post-63845","post","type-post","status-publish","format-standard","hentry","category-noticias"],"_links":{"self":[{"href":"https:\/\/webciudadana.net\/index.php?rest_route=\/wp\/v2\/posts\/63845","targetHints":{"allow":["GET"]}}],"collection":[{"href":"https:\/\/webciudadana.net\/index.php?rest_route=\/wp\/v2\/posts"}],"about":[{"href":"https:\/\/webciudadana.net\/index.php?rest_route=\/wp\/v2\/types\/post"}],"author":[{"embeddable":true,"href":"https:\/\/webciudadana.net\/index.php?rest_route=\/wp\/v2\/users\/1"}],"replies":[{"embeddable":true,"href":"https:\/\/webciudadana.net\/index.php?rest_route=%2Fwp%2Fv2%2Fcomments&post=63845"}],"version-history":[{"count":0,"href":"https:\/\/webciudadana.net\/index.php?rest_route=\/wp\/v2\/posts\/63845\/revisions"}],"wp:attachment":[{"href":"https:\/\/webciudadana.net\/index.php?rest_route=%2Fwp%2Fv2%2Fmedia&parent=63845"}],"wp:term":[{"taxonomy":"category","embeddable":true,"href":"https:\/\/webciudadana.net\/index.php?rest_route=%2Fwp%2Fv2%2Fcategories&post=63845"},{"taxonomy":"post_tag","embeddable":true,"href":"https:\/\/webciudadana.net\/index.php?rest_route=%2Fwp%2Fv2%2Ftags&post=63845"}],"curies":[{"name":"wp","href":"https:\/\/api.w.org\/{rel}","templated":true}]}}