{"id":63859,"date":"2025-09-30T14:59:09","date_gmt":"2025-09-30T12:59:09","guid":{"rendered":"https:\/\/ticker-noticiasep.microcontenidos.com\/NoticiaRSS.vbhtml?user=FRND562DLP&amp;cod=20250930125909"},"modified":"2025-09-30T14:59:09","modified_gmt":"2025-09-30T12:59:09","slug":"sociedad-ceoma-reclama-iniciativas-publicas-y-privadas-que-promuevan-la-inclusion-y-combatan-el-edadismo","status":"publish","type":"post","link":"https:\/\/webciudadana.net\/?p=63859","title":{"rendered":"Sociedad: CEOMA reclama iniciativas p\u00fablicas y privadas que promuevan la inclusi\u00f3n y combatan el edadismo"},"content":{"rendered":"\n<p>(Informaci\u00f3n remitida por la empresa firmante)<\/p>\n<p>\nEl presidente de la organizaci\u00f3n, Jos\u00e9 Luis Fern\u00e1ndez Santillana, ha hecho \u201cun llamamiento a la sociedad para que reconozca la importancia de cuidar, valorar y acompa\u00f1ar a las personas mayores\u201d<\/p>\n<p>\nLa Confederaci\u00f3n apuesta por un envejecimiento activo, saludable y participativo<\/p>\n<p>\nMadrid, 30 de septiembre de 2025.- La Confederaci\u00f3n Espa\u00f1ola de Organizaciones de Mayores (CEOMA) ha reclamado, con motivo del D\u00eda Internacional de las Personas Mayores, \u201cpol\u00edticas p\u00fablicas e iniciativas privadas que refuercen la protecci\u00f3n frente al edadismo y promuevan entornos inclusivos y accesibles\u201d.<\/p>\n<p>\nEl presidente de CEOMA, Jos\u00e9 Luis Fern\u00e1ndez Santillana, ha querido recordar que \u201clas personas mayores son y deben ser reconocidas como una parte esencial y activa de nuestra sociedad\u201d. Asimismo, ha insistido en que hay que abandonar los estereotipos ya que el colectivo aporta \u201cexperiencia, valores, compromiso y contribuye al bienestar com\u00fan\u201d.<\/p>\n<p>\nFern\u00e1ndez Santillana ha se\u00f1alado que CEOMA centra sus esfuerzos \u201cen la defensa de los derechos, la dignidad y la calidad de vida de todas las personas mayores\u201d. \u201cApostamos por un envejecimiento activo, saludable y participativo, en el que cada persona pueda desarrollar sus capacidades con independencia y respeto\u201d, ha a\u00f1adido.<\/p>\n<p>\nEl presidente de la Confederaci\u00f3n ha reivindicado el papel de las personas mayores, su voz y su talento y ha pedido que sus derechos \u201csean escuchados y garantizados\u201d. En el D\u00eda Internacional, tambi\u00e9n ha querido hacer \u201cun llamamiento a la sociedad en su conjunto para que reconozca la importancia de cuidar, valorar y acompa\u00f1ar a las personas mayores, entendiendo que construir una sociedad para todas las edades es construir un mundo mejor para todos\u201d.<\/p>\n<p>\nFern\u00e1ndez Santillana ha destacado que \u201cla vejez no es un obst\u00e1culo, sino una etapa llena de capacidades y oportunidades\u201d. Adem\u00e1s, ha repasado los retos a los que se enfrenta el colectivo como \u201cel edadismo, la soledad no deseada, la falta de recursos o la dificultad para acceder a entornos accesibles y amigables\u201d.<\/p>\n<p>\nDesde CEOMA, han recordado que \u201cenvejecer con dignidad es un derecho, no un privilegio\u201d y que \u201cuna sociedad que valora a las personas mayores es m\u00e1s justa y m\u00e1s humana\u201d. Fern\u00e1ndez Santillana ha animado al colectivo a \u201ccelebrar la vida, la experiencia y el valor de ser mayores\u201d.<\/p>\n<p>\nCEOMA<\/p>\n<p>\nLa Confederaci\u00f3n Espa\u00f1ola de Organizaciones de Mayores (CEOMA) es una organizaci\u00f3n sin \u00e1nimo de lucro creada para la defensa de los derechos de las personas mayores. Representa a m\u00e1s 800.000 de Socios de Base y m\u00e1s de 1.500 Asociaciones y abarca a 26 organizaciones de mayores de las distintas Comunidades Aut\u00f3nomas. M\u00e1s informaci\u00f3n: www.ceoma.org<\/p>\n<p>\nCelia Moreno Garrido<\/p>\n<p>\nDirectora Gerente<\/p>\n<p>\nceliamoreno@ceoma.org<\/p>\n<p>\nTel.: 91 557 25 56<\/p>\n<p>\n\u00c0gata Sala<\/p>\n<p>\nEuropa Press Comunicaci\u00f3n<\/p>\n<p>\nagatasala@europapress.es<\/p>\n<p>\n600 90 55 38<\/p>\n","protected":false},"excerpt":{"rendered":"<p>(Informaci\u00f3n remitida por la empresa firmante) El presidente de la organizaci\u00f3n, Jos\u00e9 Luis Fern\u00e1ndez Santillana, ha hecho \u201cun llamamiento a la sociedad para que reconozca la importancia de cuidar, valorar y acompa\u00f1ar a las personas mayores\u201d La Confederaci\u00f3n apuesta por un envejecimiento activo, saludable y participativo Madrid, 30 de septiembre de 2025.- La Confederaci\u00f3n Espa\u00f1ola [&hellip;]<\/p>\n","protected":false},"author":1,"featured_media":0,"comment_status":"closed","ping_status":"closed","sticky":false,"template":"","format":"standard","meta":{"footnotes":""},"categories":[2],"tags":[],"class_list":["post-63859","post","type-post","status-publish","format-standard","hentry","category-noticias"],"_links":{"self":[{"href":"https:\/\/webciudadana.net\/index.php?rest_route=\/wp\/v2\/posts\/63859","targetHints":{"allow":["GET"]}}],"collection":[{"href":"https:\/\/webciudadana.net\/index.php?rest_route=\/wp\/v2\/posts"}],"about":[{"href":"https:\/\/webciudadana.net\/index.php?rest_route=\/wp\/v2\/types\/post"}],"author":[{"embeddable":true,"href":"https:\/\/webciudadana.net\/index.php?rest_route=\/wp\/v2\/users\/1"}],"replies":[{"embeddable":true,"href":"https:\/\/webciudadana.net\/index.php?rest_route=%2Fwp%2Fv2%2Fcomments&post=63859"}],"version-history":[{"count":1,"href":"https:\/\/webciudadana.net\/index.php?rest_route=\/wp\/v2\/posts\/63859\/revisions"}],"predecessor-version":[{"id":63865,"href":"https:\/\/webciudadana.net\/index.php?rest_route=\/wp\/v2\/posts\/63859\/revisions\/63865"}],"wp:attachment":[{"href":"https:\/\/webciudadana.net\/index.php?rest_route=%2Fwp%2Fv2%2Fmedia&parent=63859"}],"wp:term":[{"taxonomy":"category","embeddable":true,"href":"https:\/\/webciudadana.net\/index.php?rest_route=%2Fwp%2Fv2%2Fcategories&post=63859"},{"taxonomy":"post_tag","embeddable":true,"href":"https:\/\/webciudadana.net\/index.php?rest_route=%2Fwp%2Fv2%2Ftags&post=63859"}],"curies":[{"name":"wp","href":"https:\/\/api.w.org\/{rel}","templated":true}]}}