{"id":63873,"date":"2025-09-30T18:43:56","date_gmt":"2025-09-30T16:43:56","guid":{"rendered":"https:\/\/ticker-noticiasep.microcontenidos.com\/NoticiaRSS.vbhtml?user=FRND562DLP&amp;cod=20250930164356"},"modified":"2025-09-30T18:43:56","modified_gmt":"2025-09-30T16:43:56","slug":"insur-consolida-su-apuesta-por-las-oficinas-en-malaga-con-la-puesta-de-bandera-del-edificio-noa","status":"publish","type":"post","link":"https:\/\/webciudadana.net\/?p=63873","title":{"rendered":"Insur consolida su apuesta por las oficinas en M\u00e1laga con la puesta de bandera del edificio &#8216;Noa&#8217;"},"content":{"rendered":"\n<div><img decoding=\"async\" src=\"https:\/\/img.europapress.es\/fotoweb\/fotonoticia_20250930164356_300.jpg\" class=\"ff-og-image-inserted\"><\/div>\n<p>(Informaci\u00f3n remitida por la empresa firmante)<\/p>\n<p> &#8211; El inmueble, para el que se ha destinado una inversi\u00f3n de 37 millones de euros, cuenta con una superficie de 10.900 metros cuadrados distribuidos en siete plantas para albergar a un total de 850 trabajadores.<\/p>\n<p> &#8211; El acto de la puesta de bandera ha contado con la asistencia del alcalde de M\u00e1laga, Francisco de la Torre, del presidente de Grupo Insur, Ricardo Pumar, y del director de promoci\u00f3n terciaria del grupo, Enrique Ayala.<\/p>\n<p> &#8211; \u00abNoa est\u00e1 llamado a ser el punto de encuentro de las empresas innovadoras que buscan desarrollar su actividad en un mercado en auge como M\u00e1laga\u00bb, seg\u00fan Ricado Pumar.<\/p>\n<p>\n&#8211; \u00abLos edificios de Insur son un claro ejemplo de la transformaci\u00f3n de la ciudad hacia una arquitectura moderna y sostenible\u00bb, se\u00f1ala Francisco de la Torre.<\/p>\n<p>\nM\u00e1laga, 30 de septiembre de 2025.- Grupo Insur ha consolidado su apuesta por el mercado de oficinas con la puesta de bandera del edificio &#8216;Noa&#8217;, para el que ha destinado una inversi\u00f3n de 37 millones de euros. Ubicado en el nuevo pulm\u00f3n verde de la capital malague\u00f1a, el parque de Martiricos, el inmueble cuenta con una superficie de 10.900 metros cuadrados distribuidos en siete plantas, 327 plazas de parking y capacidad para albergar a un total de 850 trabajadores.<\/p>\n<p> El edificio Noa destaca por sus espacios di\u00e1fanos, que permiten su personalizaci\u00f3n seg\u00fan las necesidades de los inquilinos, contando en todas sus plantas con terrazas al aire libre y con un rooftop de 1.000 metros cuadrados con privilegiadas vistas al centro hist\u00f3rico para la celebraci\u00f3n de eventos o para disfrutar de tiempo de descanso. Un dise\u00f1o realizado bajo estrictos par\u00e1metros de calidad mediante el que aspira a obtener nivel &#8216;Oro&#8217; en las certificaciones Leed, Well y WiredScore, reconocimiento que acredita la sostenibilidad, el compromiso con sus personas y la conectividad del edificio.<\/p>\n<p> La puesta de bandera ha contado con la asistencia del alcalde de M\u00e1laga, Francisco de la Torre, del presidente de Grupo Insur, Ricardo Pumar, y del director de promoci\u00f3n terciaria del grupo, Enrique Ayala, a quienes han acompa\u00f1ado representantes institucionales de la ciudad, entidades financieras y colaboradores del proyecto. En el acto se ha puesto en valor el firme compromiso de Insur con M\u00e1laga y su apuesta por la creaci\u00f3n de proyectos que generan un impacto positivo en el tejido econ\u00f3mico de la ciudad.<\/p>\n<p> \u00abNoa no se trata solo de un edificio de oficinas, sino de un espacio que refleja nuestra visi\u00f3n de un futuro sostenible y adaptado a las nuevas formas de trabajo\u00bb, ha se\u00f1alado el presidente de Grupo Insur, Ricardo Pumar.<\/p>\n<p> \u00abEste edificio est\u00e1 llamado a ser un punto de encuentro para empresas innovadoras que buscan desarrollar su actividad en un mercado en auge como es el de M\u00e1laga, repleto de oportunidades y con una clara tendencia al crecimiento durante los pr\u00f3ximos a\u00f1os\u00bb, ha a\u00f1adido el presidente de Grupo Insur.<\/p>\n<p> Para el alcalde de M\u00e1laga, Francisco de la Torre, \u00ablos edificios que Grupo Insur est\u00e1 desarrollando en M\u00e1laga son un claro ejemplo de la transformaci\u00f3n de la ciudad; no solo reflejan una arquitectura moderna y sostenible sino tambi\u00e9n el dinamismo y la capacidad de la ciudad para atraer proyectos que generan valor a\u00f1adido\u00bb.<\/p>\n<p> Modernidad y optimizaci\u00f3n del espacio.<\/p>\n<p>\nCon el objetivo de optimizar al m\u00e1ximo el espacio disponible, las plantas subterr\u00e1neas de Noa ser\u00e1n destinadas a 327 plazas de parking y puntos de recarga para veh\u00edculos el\u00e9ctricos. Tanto este amplio aparcamiento como sus modelos de oficina modernos est\u00e1n orientados a dar respuesta al creciente inter\u00e9s que las empresas multinacionales y tecnol\u00f3gicas est\u00e1n mostrando en este tipo de espacios durante los \u00faltimos a\u00f1os. Entre sus dos proyectos de oficinas sostenibles en M\u00e1laga, Noa y \u00c1gora, Grupo Insur ha realizado una inversi\u00f3n total de 74 millones de euros, con la vista puesta en la atracci\u00f3n del talento, la mejora de la productividad en un entorno laboral y la alta eficiencia energ\u00e9tica con reducci\u00f3n de emisiones de CO2. Entre sus proyectos de oficinas en desarrollo se suma &#8216;Elever&#8217;, un edificio de oficinas inteligentes ubicado en Madrid que dispone de una superficie total alquilable de 9.900 metros cuadrados, para el que Insur ha destinado una inversi\u00f3n de 44 millones de euros.<\/p>\n<p> Sobre Grupo Insur.<\/p>\n<p>\nGrupo Insur es un grupo inmobiliario patrimonialista y promotor cotizado con 80 a\u00f1os de experiencia, comprometido con las personas, la integridad, la innovaci\u00f3n y el medioambiente, creando valor para todos sus grupos de inter\u00e9s. Es l\u00edder en gesti\u00f3n de inmuebles en Andaluc\u00eda con una cartera patrimonial de 117.000 metros cuadrados entre oficinas, hoteles y locales comerciales y 3.000 plazas de aparcamiento.<\/p>\n<p> En su actividad de promoci\u00f3n, cuenta con una cartera de 5.000 viviendas en las zonas prime de Andaluc\u00eda y Madrid y 120.385 metros cuadrados de proyectos de promoci\u00f3n terciaria, de los que 50.555 metros cuadrados est\u00e1n en desarrollo y tres de ellos, los proyectos de oficinas \u00c1gora y Noa en M\u00e1laga, y Elever en Madrid (Las Tablas) est\u00e1n en construcci\u00f3n. Cuenta con un modelo de negocio diferencial con el que contribuye a la creaci\u00f3n de proyectos de vida, inspirando y mejorando el bienestar de las personas.<\/p>\n<p>\nM\u00e1s informaci\u00f3n en grupoinsur.com.<\/p>\n<p> Contacto de Prensa: Manuel Recio 600 90 55 93 manuelrecio@europapress.es <\/p>\n<p>\nSandra Delgado 600 90 50 85 sandradelgado@europapress.es <\/p>\n<p>\nLeopoldo Eduardo Alonso Llofriu 600 90 56 25 leopoldoalonso@europapress.es.<\/p>\n<p>\nEMISOR: GRUPO INSUR.<\/p>\n","protected":false},"excerpt":{"rendered":"<p>(Informaci\u00f3n remitida por la empresa firmante) &#8211; El inmueble, para el que se ha destinado una inversi\u00f3n de 37 millones de euros, cuenta con una superficie de 10.900 metros cuadrados distribuidos en siete plantas para albergar a un total de 850 trabajadores. &#8211; El acto de la puesta de bandera ha contado con la asistencia [&hellip;]<\/p>\n","protected":false},"author":1,"featured_media":0,"comment_status":"closed","ping_status":"closed","sticky":false,"template":"","format":"standard","meta":{"footnotes":""},"categories":[2],"tags":[],"class_list":["post-63873","post","type-post","status-publish","format-standard","hentry","category-noticias"],"_links":{"self":[{"href":"https:\/\/webciudadana.net\/index.php?rest_route=\/wp\/v2\/posts\/63873","targetHints":{"allow":["GET"]}}],"collection":[{"href":"https:\/\/webciudadana.net\/index.php?rest_route=\/wp\/v2\/posts"}],"about":[{"href":"https:\/\/webciudadana.net\/index.php?rest_route=\/wp\/v2\/types\/post"}],"author":[{"embeddable":true,"href":"https:\/\/webciudadana.net\/index.php?rest_route=\/wp\/v2\/users\/1"}],"replies":[{"embeddable":true,"href":"https:\/\/webciudadana.net\/index.php?rest_route=%2Fwp%2Fv2%2Fcomments&post=63873"}],"version-history":[{"count":1,"href":"https:\/\/webciudadana.net\/index.php?rest_route=\/wp\/v2\/posts\/63873\/revisions"}],"predecessor-version":[{"id":63885,"href":"https:\/\/webciudadana.net\/index.php?rest_route=\/wp\/v2\/posts\/63873\/revisions\/63885"}],"wp:attachment":[{"href":"https:\/\/webciudadana.net\/index.php?rest_route=%2Fwp%2Fv2%2Fmedia&parent=63873"}],"wp:term":[{"taxonomy":"category","embeddable":true,"href":"https:\/\/webciudadana.net\/index.php?rest_route=%2Fwp%2Fv2%2Fcategories&post=63873"},{"taxonomy":"post_tag","embeddable":true,"href":"https:\/\/webciudadana.net\/index.php?rest_route=%2Fwp%2Fv2%2Ftags&post=63873"}],"curies":[{"name":"wp","href":"https:\/\/api.w.org\/{rel}","templated":true}]}}