{"id":63880,"date":"2025-09-30T19:10:41","date_gmt":"2025-09-30T17:10:41","guid":{"rendered":"https:\/\/ticker-noticiasep.microcontenidos.com\/NoticiaRSS.vbhtml?user=FRND562DLP&amp;cod=20250930171041"},"modified":"2025-09-30T19:10:41","modified_gmt":"2025-09-30T17:10:41","slug":"bahia-sur-celebra-este-domingo-el-dia-de-la-bicicleta-con-una-marcha-familiar-por-san-fernando","status":"publish","type":"post","link":"https:\/\/webciudadana.net\/?p=63880","title":{"rendered":"Bah\u00eda Sur celebra este domingo el \u2018D\u00eda de la Bicicleta\u2019 con una marcha familiar por San Fernando"},"content":{"rendered":"\n<div><img decoding=\"async\" src=\"https:\/\/img.europapress.es\/fotoweb\/fotonoticia_20250930171041_300.jpg\" class=\"ff-og-image-inserted\"><\/div>\n<p>(Informaci\u00f3n remitida por la empresa firmante)<\/p>\n<p> SAN FERNANDO (C\u00c1DIZ), 30 (EUROPA PRESS)<\/p>\n<p>\nEl centro comercial Bah\u00eda Sur celebrar\u00e1 este domingo \u2018El D\u00eda de la Bicicleta\u2019 junto al Ayuntamiento de San Fernando, la Diputaci\u00f3n de C\u00e1diz, la Federaci\u00f3n Andaluza de Ciclismo y Carrefour, esta vez en la 39\u00aa edici\u00f3n del evento. La jornada, que cuenta con el objetivo de unir deporte, sostenibilidad y diversi\u00f3n a partes iguales, contar\u00e1 con una gran marcha familiar que recorrer\u00e1 las calles de San Fernando, una serie de sorteos y el ya tradicional concurso de disfraces.<\/p>\n<p>\nLa ruta en bicicleta arrancar\u00e1 a las 10:30 horas desde el Parking Azul de Bah\u00eda Sur y contar\u00e1 con un recorrido de 10 kil\u00f3metros que podr\u00e1n realizar tanto los mayores como los m\u00e1s peque\u00f1os de la casa. Los organizadores han apostado por un formato circular para el trayecto, no competitivo, con la idea de generar una convivencia completa con el entorno urbano-natural de La Isla. <\/p>\n<p>\nSeg\u00fan ha explicado el gerente de Bah\u00eda Sur, Pablo Vivancos, en la presentaci\u00f3n del evento, \u201ccon casi 40 a\u00f1os de recorrido, el D\u00eda de la Bicicleta se ha convertido en una aut\u00e9ntica tradici\u00f3n de la provincia, que pone en valor el potencial de la colaboraci\u00f3n p\u00fablico-privada de San Fernando y fomenta el deporte al aire libre en la ciudadan\u00eda, as\u00ed como las pr\u00e1cticas sostenibles y saludables\u201d.<\/p>\n<p>\nJavier Vidal, diputado provincial de deportes de C\u00e1diz, que este a\u00f1o se suma al evento junto a la Federaci\u00f3n Andaluza de Ciclismo, ha recalcado que \u201ceste a\u00f1o se batir\u00e1 r\u00e9cord de participaci\u00f3n, alcanzando los 2.000 asistentes, lo que otorgar\u00e1 un mayor ambiente festivo al evento\u201d.<\/p>\n<p>\nPor su parte, la alcaldesa del Ayuntamiento de San Fernando, Patricia Cavada, ha destacado que \u201ceste cl\u00e1sico evento de la ciudad pone de manifiesto que la fisionom\u00eda y el desarrollo urbano de San Fernando permiten un c\u00f3modo uso de este medio de transporte sostenible, uno de los retos en los que las ciudades contin\u00faan trabajando, junto con el uso del transporte p\u00fablico\u201d.<\/p>\n<p>\nAdem\u00e1s, Cavada ha recordado que San Fernando ha dado pasos firmes en materia de movilidad sostenible, \u201capostando por la peatonalizaci\u00f3n, el transporte p\u00fablico, la intermodalidad y la creaci\u00f3n de aparcamientos t\u00e1cticos conectados con la red de carriles bici y zonas peatonales\u00bb.<\/p>\n<p>\nPara inscribirse en la jornada \u00fanicamente es necesario completar el formulario con los datos de los participantes en la web o app de Bah\u00eda Sur, para todos los miembros de su club de fidelizaci\u00f3n. Tras el \u00e9xito de las ediciones anteriores, desde la organizaci\u00f3n se estima que la jornada de este a\u00f1o alcance los 2.000 participantes.<\/p>\n<p>\nSorteos y concursos con grandes premios<\/p>\n<p>\nLa marcha familiar no ser\u00e1 el \u00fanico gran atractivo de este D\u00eda de la Bicicleta, ya que el evento contar\u00e1 con actividades que premiar\u00e1n tanto la participaci\u00f3n como la creatividad de los asistentes. Por un lado, se celebrar\u00e1n sorteos asociados al dorsal de participante, que se obtiene a trav\u00e9s de la inscripci\u00f3n en la actividad. Cada dorsal, incluido el de los menores acompa\u00f1antes, permitir\u00e1 a cada participante a optar a premios como bicicletas, packs con material deportivo y Tarjetas Regalo Bah\u00eda Sur valoradas en 150\u20ac. Tambi\u00e9n se premiar\u00e1 con una tarjeta regalo al centro escolar que aporte mayor n\u00famero de escolares inscritos.<\/p>\n<p>\nAdem\u00e1s, se celebrar\u00e1 el tradicional concurso de disfraces en el que podr\u00e1n participar todos aquellos inscritos que acudan disfrazados y presenten su dorsal en el \u2018photocall\u2019 habilitado para la ocasi\u00f3n. Entre los premios figuran Tarjetas Regalo Bah\u00eda Sur valoradas en 25, 50 y 100 euros, entradas dobles de cine Yelmo Premium y pases para jugar partidas dobles de bolos en Sould Park Bowling, reconociendo categor\u00edas como la bicicleta mejor decorada, el mejor disfraz individual o la familia mejor disfrazada. La celebraci\u00f3n culminar\u00e1 con un espect\u00e1culo familiar de tem\u00e1tica ochentera.<\/p>\n<p>\nSobre Bah\u00eda Sur<\/p>\n<p>\nEl centro comercial Bah\u00eda Sur est\u00e1 ubicado en pleno coraz\u00f3n de la Bah\u00eda de C\u00e1diz, es propiedad de Castellana Properties, empresa cotizada l\u00edder en el sector inmobiliario de retail, y est\u00e1 gestionado por Cushman &amp; Wakefield. Ofrece un nuevo concepto de compras y ocio donde el entorno natural se funde para crear una experiencia \u00fanica. En m\u00e1s de 59.000 metros cuadrados de superficie comercial, Bah\u00eda Sur brinda a los visitantes la posibilidad de disfrutar de un ocio diferenciado en uno de los parajes naturales de mayor valor de Andaluc\u00eda. <\/p>\n<p>\nCONTACTO DE PRENSA:<\/p>\n<p>\nLeopoldo Eduardo Alonso Llofriu<\/p>\n<p>\n95 492 49 00<\/p>\n<p>\nleopoldoalonso@europapress.es<\/p>\n<p>\nSandra Delgado<\/p>\n<p>\n91 359 26 00<\/p>\n<p>\nsandradelgado@europapress.es<\/p>\n","protected":false},"excerpt":{"rendered":"<p>(Informaci\u00f3n remitida por la empresa firmante) SAN FERNANDO (C\u00c1DIZ), 30 (EUROPA PRESS) El centro comercial Bah\u00eda Sur celebrar\u00e1 este domingo \u2018El D\u00eda de la Bicicleta\u2019 junto al Ayuntamiento de San Fernando, la Diputaci\u00f3n de C\u00e1diz, la Federaci\u00f3n Andaluza de Ciclismo y Carrefour, esta vez en la 39\u00aa edici\u00f3n del evento. La jornada, que cuenta con [&hellip;]<\/p>\n","protected":false},"author":1,"featured_media":0,"comment_status":"closed","ping_status":"closed","sticky":false,"template":"","format":"standard","meta":{"footnotes":""},"categories":[2],"tags":[],"class_list":["post-63880","post","type-post","status-publish","format-standard","hentry","category-noticias"],"_links":{"self":[{"href":"https:\/\/webciudadana.net\/index.php?rest_route=\/wp\/v2\/posts\/63880","targetHints":{"allow":["GET"]}}],"collection":[{"href":"https:\/\/webciudadana.net\/index.php?rest_route=\/wp\/v2\/posts"}],"about":[{"href":"https:\/\/webciudadana.net\/index.php?rest_route=\/wp\/v2\/types\/post"}],"author":[{"embeddable":true,"href":"https:\/\/webciudadana.net\/index.php?rest_route=\/wp\/v2\/users\/1"}],"replies":[{"embeddable":true,"href":"https:\/\/webciudadana.net\/index.php?rest_route=%2Fwp%2Fv2%2Fcomments&post=63880"}],"version-history":[{"count":1,"href":"https:\/\/webciudadana.net\/index.php?rest_route=\/wp\/v2\/posts\/63880\/revisions"}],"predecessor-version":[{"id":63888,"href":"https:\/\/webciudadana.net\/index.php?rest_route=\/wp\/v2\/posts\/63880\/revisions\/63888"}],"wp:attachment":[{"href":"https:\/\/webciudadana.net\/index.php?rest_route=%2Fwp%2Fv2%2Fmedia&parent=63880"}],"wp:term":[{"taxonomy":"category","embeddable":true,"href":"https:\/\/webciudadana.net\/index.php?rest_route=%2Fwp%2Fv2%2Fcategories&post=63880"},{"taxonomy":"post_tag","embeddable":true,"href":"https:\/\/webciudadana.net\/index.php?rest_route=%2Fwp%2Fv2%2Ftags&post=63880"}],"curies":[{"name":"wp","href":"https:\/\/api.w.org\/{rel}","templated":true}]}}