{"id":63886,"date":"2025-09-30T20:35:31","date_gmt":"2025-09-30T18:35:31","guid":{"rendered":"https:\/\/ticker-noticiasep.microcontenidos.com\/NoticiaRSS.vbhtml?user=FRND562DLP&amp;cod=20250930183531"},"modified":"2025-09-30T20:35:31","modified_gmt":"2025-09-30T18:35:31","slug":"mundo-tcl-da-la-bienvenida-a-los-embajadores-del-equipo-tcl-joy-beune-y-alex-vinatzer-a-ifa-2025-berlin","status":"publish","type":"post","link":"https:\/\/webciudadana.net\/?p=63886","title":{"rendered":"Mundo: TCL da la bienvenida a los embajadores del equipo TCL, Joy Beune y Alex Vinatzer, a IFA 2025 Berl\u00edn"},"content":{"rendered":"\n<div><img decoding=\"async\" src=\"https:\/\/img.europapress.es\/fotoweb\/fotonoticia_20250930183531_300.jpg\" class=\"ff-og-image-inserted\"><\/div>\n<p>(Informaci\u00f3n remitida por la empresa firmante)<\/p>\n<p>\nCelebrando el deporte, la innovaci\u00f3n y el esp\u00edritu ol\u00edmpico con algunos de los atletas europeos embajadores de TCL.<\/p>\n<p> BERL\u00cdN, 30 de septiembre de 2025 \/PRNewswire\/ &#8212; TCL, l\u00edder mundial en electr\u00f3nica de consumo y patrocinador ol\u00edmpico y paral\u00edmpico mundial, recibi\u00f3 a los embajadores del equipo TCL, Joy Beune y Alex Vinatzer, en su stand en IFA 2025 el 6 de septiembre. Ambos atletas conocieron a los aficionados, exploraron las innovaciones de TCL y participaron en actividades que celebraron el rendimiento, el dise\u00f1o y los valores ol\u00edmpicos.<\/p>\n<p> La patinadora de velocidad holandesa Joy Beune, campeona mundial, y el esquiador alpino italiano Alex Vinatzer, conocido por su precisi\u00f3n y sus podios, son dos de los atletas de invierno m\u00e1s prometedores de Europa. Su visita marc\u00f3 el inicio oficial de su colaboraci\u00f3n con TCL, reforzando el compromiso de la marca de inspirar la grandeza a trav\u00e9s del deporte y la tecnolog\u00eda. Durante su visita a la zona NXTHOME\u2122, Joy y Alex vieron e interactuaron con algunos de los \u00faltimos productos estrella de TCL, como el televisor LED C9K Premium QD-Mini, el altavoz inmersivo Z100 FlexConnect, el aire acondicionado inteligente FreshIN 3.0, la lavadora Super Drum y el refrigerador integrado Free. Los atletas tambi\u00e9n participaron en la creaci\u00f3n de contenido para redes sociales y entrevistas con medios, ofreciendo sus perspectivas sobre c\u00f3mo superar los l\u00edmites tanto dentro como fuera de la pista, y c\u00f3mo la tecnolog\u00eda se integra en sus rutinas diarias de entrenamiento y recuperaci\u00f3n.<\/p>\n<p> Esta activaci\u00f3n forma parte de la Alianza Ol\u00edmpica y Paral\u00edmpica Mundial de TCL con el Comit\u00e9 Ol\u00edmpico Internacional (COI) en la categor\u00eda de Equipos Audiovisuales y Electrodom\u00e9sticos para el Hogar hasta 2032. Esta alianza destaca el compromiso de TCL de inspirar y unir a personas de distintas culturas y generaciones a trav\u00e9s del poder del deporte. Gracias a ello, los productos TCL contribuir\u00e1n a nuevas experiencias tanto para aficionados como para atletas, desde pantallas digitales en los Juegos Ol\u00edmpicos de Invierno hasta electrodom\u00e9sticos en la Villa Ol\u00edmpica.<\/p>\n<p> \u00abFormar parte de IFA 2025 con TCL y ver sus \u00faltimas innovaciones fue fant\u00e1stico\u00bb, declar\u00f3 Joy Beune. \u00abLa energ\u00eda en el stand, la interacci\u00f3n con los aficionados y ver c\u00f3mo la tecnolog\u00eda de TCL puede apoyar las rutinas diarias fue realmente inspirador\u00bb.<\/p>\n<p> Alex Vinatzer a\u00f1adi\u00f3: \u00abEl mensaje de grandeza inspiradora de TCL conecta con lo que significa entrenar, competir y mejorar como atleta. Estoy orgulloso de formar parte del Equipo TCL y espero con ansias ver qu\u00e9 m\u00e1s nos depara esta alianza\u00bb.<\/p>\n<p> Ambos atletas continuar\u00e1n apareciendo en las pr\u00f3ximas campa\u00f1as de TCL de cara a la temporada de los Juegos Ol\u00edmpicos de Invierno Milano Cortina 2026.<\/p>\n<p> Acerca de TCL <\/p>\n<p>\nTCL Electronics se especializa en la investigaci\u00f3n, el desarrollo y la fabricaci\u00f3n de productos electr\u00f3nicos de consumo, incluyendo televisores, dispositivos de audio, productos para el hogar inteligente y electrodom\u00e9sticos. Combinando un dise\u00f1o inteligente con tecnolog\u00eda innovadora para inspirar excelencia, nuestra l\u00ednea de productos ofrece caracter\u00edsticas imprescindibles y experiencias significativas. Como una de las marcas de electr\u00f3nica de consumo m\u00e1s grandes del mundo, nuestra cadena de suministro integrada verticalmente y nuestra f\u00e1brica de pantallas de \u00faltima generaci\u00f3n ayudan a TCL a ofrecer innovaci\u00f3n para todos. Para m\u00e1s informaci\u00f3n, visite: https:\/\/www.tcl.com<\/p>\n<p>\nTCL es una marca registrada de TCL Corporation. Todas las dem\u00e1s marcas comerciales son propiedad de sus respectivos due\u00f1os.<\/p>\n<p> Foto &#8211; https:\/\/mma.prnewswire.com\/media\/2784035\/Team_TCL_Ambassadors_IFA_2025.jpg<\/p>\n<p>\nFoto &#8212; https:\/\/mma.prnewswire.com\/media\/2784036\/Team_TCL_Ambassadors_IFA_2025_1.jpg<\/p>\n<p>\nFoto &#8212; https:\/\/mma.prnewswire.com\/media\/2784037\/Team_TCL_Ambassadors_IFA_2025_2.jpg<\/p>\n<p> View original content:https:\/\/www.prnewswire.com\/news-releases\/tcl-da-la-bienvenida-a-los-embajadores-del-equipo-tcl-joy-beune-y-alex-vinatzer-a-ifa-2025-berlin-302571230.html<\/p>\n","protected":false},"excerpt":{"rendered":"<p>(Informaci\u00f3n remitida por la empresa firmante) Celebrando el deporte, la innovaci\u00f3n y el esp\u00edritu ol\u00edmpico con algunos de los atletas europeos embajadores de TCL. BERL\u00cdN, 30 de septiembre de 2025 \/PRNewswire\/ &#8212; TCL, l\u00edder mundial en electr\u00f3nica de consumo y patrocinador ol\u00edmpico y paral\u00edmpico mundial, recibi\u00f3 a los embajadores del equipo TCL, Joy Beune y [&hellip;]<\/p>\n","protected":false},"author":1,"featured_media":0,"comment_status":"closed","ping_status":"closed","sticky":false,"template":"","format":"standard","meta":{"footnotes":""},"categories":[2],"tags":[],"class_list":["post-63886","post","type-post","status-publish","format-standard","hentry","category-noticias"],"_links":{"self":[{"href":"https:\/\/webciudadana.net\/index.php?rest_route=\/wp\/v2\/posts\/63886","targetHints":{"allow":["GET"]}}],"collection":[{"href":"https:\/\/webciudadana.net\/index.php?rest_route=\/wp\/v2\/posts"}],"about":[{"href":"https:\/\/webciudadana.net\/index.php?rest_route=\/wp\/v2\/types\/post"}],"author":[{"embeddable":true,"href":"https:\/\/webciudadana.net\/index.php?rest_route=\/wp\/v2\/users\/1"}],"replies":[{"embeddable":true,"href":"https:\/\/webciudadana.net\/index.php?rest_route=%2Fwp%2Fv2%2Fcomments&post=63886"}],"version-history":[{"count":1,"href":"https:\/\/webciudadana.net\/index.php?rest_route=\/wp\/v2\/posts\/63886\/revisions"}],"predecessor-version":[{"id":63894,"href":"https:\/\/webciudadana.net\/index.php?rest_route=\/wp\/v2\/posts\/63886\/revisions\/63894"}],"wp:attachment":[{"href":"https:\/\/webciudadana.net\/index.php?rest_route=%2Fwp%2Fv2%2Fmedia&parent=63886"}],"wp:term":[{"taxonomy":"category","embeddable":true,"href":"https:\/\/webciudadana.net\/index.php?rest_route=%2Fwp%2Fv2%2Fcategories&post=63886"},{"taxonomy":"post_tag","embeddable":true,"href":"https:\/\/webciudadana.net\/index.php?rest_route=%2Fwp%2Fv2%2Ftags&post=63886"}],"curies":[{"name":"wp","href":"https:\/\/api.w.org\/{rel}","templated":true}]}}