{"id":63918,"date":"2025-10-01T11:45:41","date_gmt":"2025-10-01T09:45:41","guid":{"rendered":"https:\/\/ticker-noticiasep.microcontenidos.com\/NoticiaRSS.vbhtml?user=FRND562DLP&amp;cod=20251001094541"},"modified":"2025-10-01T11:45:41","modified_gmt":"2025-10-01T09:45:41","slug":"sociedad-vallsur-y-la-asociacion-camino-se-unen-por-el-dano-cerebral-adquirido-con-la-iv-marcha-solidaria","status":"publish","type":"post","link":"https:\/\/webciudadana.net\/?p=63918","title":{"rendered":"Sociedad: Vallsur y la Asociaci\u00f3n Camino se unen por el Da\u00f1o Cerebral Adquirido con la IV Marcha Solidaria"},"content":{"rendered":"\n<div><img decoding=\"async\" src=\"https:\/\/img.europapress.es\/fotoweb\/fotonoticia_20251001094541_300.jpg\" class=\"ff-og-image-inserted\"><\/div>\n<p>(Informaci\u00f3n remitida por la empresa firmante)<\/p>\n<p> \u00b7 El 13 de octubre cientos de participantes realizar\u00e1n un recorrido accesible de 5,4 kil\u00f3metros por las calles de Valladolid para apoyar a las personas con Da\u00f1o Cerebral Adquirido (DCA)<\/p>\n<p> Valladolid, 1 de octubre de 2025.- El pr\u00f3ximo lunes 13 de octubre a las 11 horas, Vallsur y la Asociaci\u00f3n Camino organizan la &#8216;IV Marcha Solidaria a favor del Da\u00f1o Cerebral Adquirido&#8217;, una iniciativa que cada a\u00f1o gana m\u00e1s fuerza y que busca concienciar y recaudar fondos para mejorar la calidad de vida de las personas que conviven con esta enfermedad.<\/p>\n<p> El recorrido de esta marcha tendr\u00e1 una distancia de 5,4 kil\u00f3metros, dar\u00e1 comienzo y finalizar\u00e1 en Vallsur, y contar\u00e1 con un punto de avituallamiento en el PRAE (Parque Ambiental de la Junta de Castilla y Le\u00f3n) para recargar energ\u00edas. La marcha ofrecer\u00e1 a los cientos de participantes un itinerario accesible y agradable por las calles de Valladolid donde caminar se convertir\u00e1 en un gesto de solidaridad y apoyo.<\/p>\n<p> \u00abNos sentimos muy satisfechos de ver c\u00f3mo la Marcha Solidaria se va consolidando cada a\u00f1o y se ha convertido en una fecha marcada en el calendario para la ciudad de Valladolid, sumando cada vez m\u00e1s caminantes por una causa tan necesaria\u00bb, afirma Carolina Castro, gerente de Vallsur.<\/p>\n<p> Las inscripciones para participar en esta marcha solidaria dar\u00e1n comienzo el d\u00eda 3 de octubre, tendr\u00e1n un precio simb\u00f3lico de 5 euros y se podr\u00e1n realizar tanto en la recepci\u00f3n de Vallsur (de 11:30 a 20:30 horas) como en la sede de la Asociaci\u00f3n Camino (C\/ Lucayas s\/n).<\/p>\n<p> \u00abEsta marcha solidaria nace con el objetivo de mostrar nuestro apoyo y solidaridad a aquellas personas de todas las edades que han sufrido Da\u00f1o Cerebral Adquirido, sus familiares y cuidadores. El DCA puede ser causado por diferentes razones, como ictus, traumatismos, tumores, infecciones o anoxia, entre otros, y con esta iniciativa queremos seguir ofreci\u00e9ndoles un apoyo integral, programas de rehabilitaci\u00f3n, formaci\u00f3n e integraci\u00f3n social a las personas afectadas\u00bb, explica Josefina Pablo Plaza, presidenta de Asociaci\u00f3n Camino.<\/p>\n<p> La recaudaci\u00f3n se destinar\u00e1 \u00edntegramente a reforzar y ampliar los servicios que ofrece la Asociaci\u00f3n Camino, como apoyo psicol\u00f3gico, informaci\u00f3n y orientaci\u00f3n, fisioterapia, logopedia o terapia ocupacional, entre otros, para seguir mejorando la calidad de vida de las personas que han sufrido Da\u00f1o Cerebral Adquirido y a sus familias.<\/p>\n<p> IV Marcha Solidaria a favor del Da\u00f1o Cerebral Adquirido <\/p>\n<p> * Fecha: Lunes 13 de octubre de 2025.<\/p>\n<p> * Horario: 11 horas.<\/p>\n<p> * Lugar: Centro Comercial Vallsur. (Salida y llegada).<\/p>\n<p> Inscripciones: A partir del 3 de octubre <\/p>\n<p> &#8211; En la recepci\u00f3n de Vallsur (en horario de 11:30 a 20:30h) y en la sede de Camino (C\/Lucayas s\/n). Coste: 5 euros.<\/p>\n<p> Sobre Vallsur &#8211; www.vallsur.com <\/p>\n<p> Desde su apertura, el centro comercial Vallsur, gestionado por CBRE REAL ESTATE, se ha convertido en un referente en la ciudad de Valladolid. Con una superficie de 35.160 m2, m\u00e1s de 90 tiendas y 2.000 plazas de aparcamiento, el centro pone a disposici\u00f3n de sus clientes una gran oferta de servicios cuyo objetivo es satisfacer todas sus necesidades. Adem\u00e1s, Vallsur tiene una clara pol\u00edtica de compromiso en el medio ambiente, tal y como demuestra su sistema de gesti\u00f3n ambiental de acuerdo a la normativa ISO 14001:2004.<\/p>\n<p> Para m\u00e1s informaci\u00f3n o gesti\u00f3n de entrevistas: <\/p>\n<p> AGENCIA DE COMUNICACI\u00d3N DE VALLSUR: <\/p>\n<p> europa press Comunicaci\u00f3n &#8211; 91 359 26 00 <\/p>\n<p> LETICIA G\u00d3MEZ &#8211; leticiagomez@europapress.es<\/p>\n<p> SILVIA MULLOR &#8211; silviamullor@europapress.es<\/p>\n","protected":false},"excerpt":{"rendered":"<p>(Informaci\u00f3n remitida por la empresa firmante) \u00b7 El 13 de octubre cientos de participantes realizar\u00e1n un recorrido accesible de 5,4 kil\u00f3metros por las calles de Valladolid para apoyar a las personas con Da\u00f1o Cerebral Adquirido (DCA) Valladolid, 1 de octubre de 2025.- El pr\u00f3ximo lunes 13 de octubre a las 11 horas, Vallsur y la [&hellip;]<\/p>\n","protected":false},"author":1,"featured_media":0,"comment_status":"closed","ping_status":"closed","sticky":false,"template":"","format":"standard","meta":{"footnotes":""},"categories":[2],"tags":[],"class_list":["post-63918","post","type-post","status-publish","format-standard","hentry","category-noticias"],"_links":{"self":[{"href":"https:\/\/webciudadana.net\/index.php?rest_route=\/wp\/v2\/posts\/63918","targetHints":{"allow":["GET"]}}],"collection":[{"href":"https:\/\/webciudadana.net\/index.php?rest_route=\/wp\/v2\/posts"}],"about":[{"href":"https:\/\/webciudadana.net\/index.php?rest_route=\/wp\/v2\/types\/post"}],"author":[{"embeddable":true,"href":"https:\/\/webciudadana.net\/index.php?rest_route=\/wp\/v2\/users\/1"}],"replies":[{"embeddable":true,"href":"https:\/\/webciudadana.net\/index.php?rest_route=%2Fwp%2Fv2%2Fcomments&post=63918"}],"version-history":[{"count":1,"href":"https:\/\/webciudadana.net\/index.php?rest_route=\/wp\/v2\/posts\/63918\/revisions"}],"predecessor-version":[{"id":63929,"href":"https:\/\/webciudadana.net\/index.php?rest_route=\/wp\/v2\/posts\/63918\/revisions\/63929"}],"wp:attachment":[{"href":"https:\/\/webciudadana.net\/index.php?rest_route=%2Fwp%2Fv2%2Fmedia&parent=63918"}],"wp:term":[{"taxonomy":"category","embeddable":true,"href":"https:\/\/webciudadana.net\/index.php?rest_route=%2Fwp%2Fv2%2Fcategories&post=63918"},{"taxonomy":"post_tag","embeddable":true,"href":"https:\/\/webciudadana.net\/index.php?rest_route=%2Fwp%2Fv2%2Ftags&post=63918"}],"curies":[{"name":"wp","href":"https:\/\/api.w.org\/{rel}","templated":true}]}}