{"id":63938,"date":"2025-10-01T19:38:04","date_gmt":"2025-10-01T17:38:04","guid":{"rendered":"https:\/\/ticker-noticiasep.microcontenidos.com\/NoticiaRSS.vbhtml?user=FRND562DLP&amp;cod=20251001173804"},"modified":"2025-10-01T19:38:04","modified_gmt":"2025-10-01T17:38:04","slug":"sociedad-roberto-de-la-torre-camina-premio-fotoaresima-2025","status":"publish","type":"post","link":"https:\/\/webciudadana.net\/?p=63938","title":{"rendered":"Sociedad: Roberto de la Torre Cami\u00f1a, premio FotoARESIMA 2025"},"content":{"rendered":"\n<div><img decoding=\"async\" src=\"https:\/\/img.europapress.es\/fotoweb\/fotonoticia_20251001173804_300.jpg\" class=\"ff-og-image-inserted\"><\/div>\n<p>(Informaci\u00f3n remitida por la empresa firmante)<\/p>\n<p> Madrid, 1 de octubre de 2025. <\/p>\n<p> El fot\u00f3grafo ha obtenido el premio del Jurado del II concurso de fotograf\u00eda FotoARESIMA 2025 a la mejor fotograf\u00eda sobre un tema religioso o espiritual en Espa\u00f1a por su obra \u201cAscensi\u00f3n al monte Faro\u201d, donde \u201cel espectador se siente part\u00edcipe del ritual de una manera sensorial.\u201d [FOTOGRAF\u00cdA GANADORA DE FotoARESIMA 2025.<\/p>\n<p> Autor: Roberto de la TORRE CAMI\u00d1A.<\/p>\n<p> T\u00edtulo: \u00abAscensi\u00f3n al monte Faro\u00bb] Roberto de la TORRE CAMI\u00d1A (Vigo, 1978) ha obtenido el premio del Jurado a la mejor fotograf\u00eda tomada en el \u00e1mbito geogr\u00e1fico de ESPA\u00d1A, por su fotograf\u00eda \u00abAscensi\u00f3n al monte Faro\u00bb, concedido por el Instituto Madrile\u00f1o de Antropolog\u00eda (ARESIMA) y dotado con 150 euros y diploma.<\/p>\n<p> El concurso de fotograf\u00eda FotoARESIMA 2025, bajo el lema \u00abFotografiar lo invisible.<\/p>\n<p> Segundo intento\u00bb, tiene por objetivo \u00abhacer visible, con una mirada antropol\u00f3gica, cualquier tipo de pr\u00e1ctica religiosa o espiritual, en sentido muy amplio, incluyendo otro tipo de pr\u00e1cticas relacionadas con ellas, como pueden ser las pr\u00e1cticas de sanaci\u00f3n.\u00bb La fotograf\u00eda ganadora est\u00e1 tomada en la ladera del Monte Faro, en Chantada (Lugo), el 9 de septiembre de 2013.<\/p>\n<p> Representa un grupo de mujeres que acompa\u00f1an a otra que est\u00e1 realizando una penitencia de rodillas, en una ascensi\u00f3n de m\u00e1s de cuatro kil\u00f3metros de distancia a lo alto del monte Faro, donde se encuentra la capilla de nuestra Se\u00f1ora de los Milagros.<\/p>\n<p> La penitencia se realiza a modo de petici\u00f3n o agradecimiento a la Virgen por interceder en alguna dolencia o enfermedad.<\/p>\n<p> El Jurado de esta segunda edici\u00f3n del FotoARESIMA ha estado compuesto por: ELEONORA BORDOGNI, antrop\u00f3loga, miembro del ARESIMA y secretaria del Jurado.<\/p>\n<p> JUAN LUIS DE GRADO CERVANTES, fot\u00f3grafo profesional, responsable de la Unidad de Fotograf\u00eda de TVE.<\/p>\n<p> PEDRO FERN\u00c1NDEZ AGUADO, fot\u00f3grafo e historiador del arte, actualmente trabajando en el Museo del Prado y como colaborador creativo en plataformas de IA como Freepik y Hailuo.<\/p>\n<p> CLAUDIA BARTHELEMY ROJO, antrop\u00f3loga, trabaja en el audiovisual como guionista.<\/p>\n<p> JUAN R.<\/p>\n<p> M\u00c9NDEZ, antrop\u00f3logo, profesor asociado de la UNED.<\/p>\n<p> El Jurado ha justificado su elecci\u00f3n de la fotograf\u00eda ganadora tanto por la calidad t\u00e9cnica de la imagen, que permite al espectador ser part\u00edcipe, a un nivel sensorial, de la experiencia de la penitencia, as\u00ed como por sus valores antropol\u00f3gicos, que nos acerca a la construcci\u00f3n colectiva de un ritual donde se hallan presentes espiritualidad, fe, religi\u00f3n y \u00abtradici\u00f3n\u00bb.<\/p>\n<p> Como se\u00f1ala el autor de la fotograf\u00eda ganadora, Roberto de la Torre Cami\u00f1a, \u201chaber ganado este premio me llena de orgullo.<\/p>\n<p> Es una fotograf\u00eda a la que le tengo un cari\u00f1o muy especial ya que llevaba muchos a\u00f1os \u2018plane\u00e1ndola\u2019 y visitando la romer\u00eda del faro sin \u00e9xito por la ausencia de niebla.<\/p>\n<p> Ese a\u00f1o despu\u00e9s de dormir en el coche consegu\u00ed esa toma con la niebla deseada y con vuestro premio siento que mereci\u00f3 la pena el esfuerzo.\u201d Para m\u00e1s informaci\u00f3n: ARESIMA https:\/\/aresima.antropologiamadrid.org\/ Acceso a la galer\u00eda de fotograf\u00edas y bases del concurso https:\/\/academia.asociacioneleusis.es\/fotoaresima\/ Correo de contacto fotoaresima@asociacioneleusis.es <\/p>\n<p>\nEmisor: Instituto Madrile\u00f1o de Antropolog\u00eda (ARESIMA) <\/p>\n<p>\nContacto: Santiago L\u00f3pez-Pavillard 696682060 santiago@mercurialis.com<\/p>\n","protected":false},"excerpt":{"rendered":"<p>(Informaci\u00f3n remitida por la empresa firmante) Madrid, 1 de octubre de 2025. El fot\u00f3grafo ha obtenido el premio del Jurado del II concurso de fotograf\u00eda FotoARESIMA 2025 a la mejor fotograf\u00eda sobre un tema religioso o espiritual en Espa\u00f1a por su obra \u201cAscensi\u00f3n al monte Faro\u201d, donde \u201cel espectador se siente part\u00edcipe del ritual de [&hellip;]<\/p>\n","protected":false},"author":1,"featured_media":0,"comment_status":"closed","ping_status":"closed","sticky":false,"template":"","format":"standard","meta":{"footnotes":""},"categories":[2],"tags":[],"class_list":["post-63938","post","type-post","status-publish","format-standard","hentry","category-noticias"],"_links":{"self":[{"href":"https:\/\/webciudadana.net\/index.php?rest_route=\/wp\/v2\/posts\/63938","targetHints":{"allow":["GET"]}}],"collection":[{"href":"https:\/\/webciudadana.net\/index.php?rest_route=\/wp\/v2\/posts"}],"about":[{"href":"https:\/\/webciudadana.net\/index.php?rest_route=\/wp\/v2\/types\/post"}],"author":[{"embeddable":true,"href":"https:\/\/webciudadana.net\/index.php?rest_route=\/wp\/v2\/users\/1"}],"replies":[{"embeddable":true,"href":"https:\/\/webciudadana.net\/index.php?rest_route=%2Fwp%2Fv2%2Fcomments&post=63938"}],"version-history":[{"count":1,"href":"https:\/\/webciudadana.net\/index.php?rest_route=\/wp\/v2\/posts\/63938\/revisions"}],"predecessor-version":[{"id":63939,"href":"https:\/\/webciudadana.net\/index.php?rest_route=\/wp\/v2\/posts\/63938\/revisions\/63939"}],"wp:attachment":[{"href":"https:\/\/webciudadana.net\/index.php?rest_route=%2Fwp%2Fv2%2Fmedia&parent=63938"}],"wp:term":[{"taxonomy":"category","embeddable":true,"href":"https:\/\/webciudadana.net\/index.php?rest_route=%2Fwp%2Fv2%2Fcategories&post=63938"},{"taxonomy":"post_tag","embeddable":true,"href":"https:\/\/webciudadana.net\/index.php?rest_route=%2Fwp%2Fv2%2Ftags&post=63938"}],"curies":[{"name":"wp","href":"https:\/\/api.w.org\/{rel}","templated":true}]}}