{"id":63940,"date":"2025-10-07T10:53:04","date_gmt":"2025-10-07T08:53:04","guid":{"rendered":"https:\/\/ticker-noticiasep.microcontenidos.com\/NoticiaRSS.vbhtml?user=FRND562DLP&amp;cod=20251007085304"},"modified":"2025-10-07T10:53:04","modified_gmt":"2025-10-07T08:53:04","slug":"sociedad-historica-indemnizacion-de-23-millones-por-un-dano-cerebral-tras-un-accidente-de-trafico-en-extremadura","status":"publish","type":"post","link":"https:\/\/webciudadana.net\/?p=63940","title":{"rendered":"Sociedad: Hist\u00f3rica indemnizaci\u00f3n de 2,3 millones por un da\u00f1o cerebral tras un accidente de tr\u00e1fico en Extremadura"},"content":{"rendered":"\n<div><img decoding=\"async\" src=\"https:\/\/img.europapress.es\/fotoweb\/fotonoticia_20251007085304_300.jpg\" class=\"ff-og-image-inserted\"><\/div>\n<p>(Informaci\u00f3n remitida por la empresa firmante)<\/p>\n<p> MADRID, 7 de octubre de 2025. <\/p>\n<p> La sentencia, pionera en la regi\u00f3n, reconoce el impacto que tienen las lesiones cerebrales en accidentes y establece un precedente para futuros casos similares.<\/p>\n<p> Un Juzgado de Primera Instancia de Badajoz ha concedido, en una reciente sentencia, la indemnizaci\u00f3n m\u00e1s alta registrada en la comunidad por las secuelas de un traumatismo craneal grave sufrido por una vecina de Badajoz de 45 a\u00f1os, casada y con hijos, tras un choque frontal con un veh\u00edculo que invadi\u00f3 su carril.<\/p>\n<p> La resoluci\u00f3n detalla los conceptos que justifican la cuant\u00eda y marca un antes y un despu\u00e9s en la protecci\u00f3n jur\u00eddica de las v\u00edctimas de accidentes de tr\u00e1fico con lesiones cerebrales graves.<\/p>\n<p> La madrugada del 15 de marzo de 2022 cambi\u00f3 la vida de J.<\/p>\n<p> M.<\/p>\n<p> \u2014nombre ficticio para preservar su privacidad\u2014.<\/p>\n<p> Conduc\u00eda por una carretera comarcal, a pocos kil\u00f3metros de Badajoz, cuando otro veh\u00edculo invadi\u00f3 el carril contrario.<\/p>\n<p> El impacto, frontal y de gran violencia, la dej\u00f3 inconsciente y atrapada.<\/p>\n<p> Los servicios de emergencia la estabilizaron y la trasladaron de urgencia al Hospital, donde permaneci\u00f3 semanas en estado cr\u00edtico.<\/p>\n<p> Las lesiones sufridas a ra\u00edz de un traumatismo craneoencef\u00e1lico severo provocaron un da\u00f1o cerebral irreversible, dejando a la v\u00edctima completamente dependiente para realizar las actividades m\u00e1s b\u00e1sicas de la vida diaria.<\/p>\n<p> Esta situaci\u00f3n oblig\u00f3 a su esposo y a sus hijos a reorganizar por completo su rutina y prioridades para poder atenderla, enfrent\u00e1ndose no solo a un intenso desgaste emocional, sino tambi\u00e9n a una avalancha de dificultades econ\u00f3micas y sociales que han transformado profundamente la din\u00e1mica familiar.<\/p>\n<p> Pese a la contundente evidencia cl\u00ednica, la aseguradora del veh\u00edculo responsable intent\u00f3 inicialmente minimizar el alcance del caso y ofreci\u00f3 una compensaci\u00f3n claramente insuficiente, equiparando las graves secuelas neurol\u00f3gicas sufridas por J.<\/p>\n<p> M.<\/p>\n<p> a un simple esguince cervical ofreciendo un pago que no superaba los 5.000 euros.<\/p>\n<p> Ante esta situaci\u00f3n, la familia decidi\u00f3 tomar medidas y decidieron contratar los servicios profesionales del abogado Abelardo Moreno, de la firma Neurolegal, conocido como el \u00ababogado del cerebro\u00bb por su reconocida especializaci\u00f3n en la defensa de casos de da\u00f1o cerebral y grandes lesionados.<\/p>\n<p> Finalmente lograron demostrar ante el tribunal la verdadera magnitud de las lesiones cerebrales y la necesidad imprescindible de cuidados permanentes debido a las secuelas cognitivas, consiguiendo as\u00ed una indemnizaci\u00f3n ajustada a la realidad del da\u00f1o sufrido.<\/p>\n<p> El Tribunal de instancia estim\u00f3 \u00edntegramente la demanda presentada por el abogado Moreno, condenando a la aseguradora al pago de una indemnizaci\u00f3n total a la lesionada de 2,3 millones de euros, incluyendo intereses moratorios y costas procesales, al no haber sido recurrida la sentencia.<\/p>\n<p> El tribunal estableci\u00f3 varias indemnizaciones para compensar los da\u00f1os sufridos por la v\u00edctima.<\/p>\n<p> Por ejemplo, reconoci\u00f3 m\u00e1s de 250.000 euros por las secuelas neurol\u00f3gicas y la p\u00e9rdida de autonom\u00eda f\u00edsica e intelectual, seg\u00fan los informes m\u00e9dicos y econ\u00f3micos presentados.<\/p>\n<p> La partida m\u00e1s significativa fue la de ayuda de tercera persona, con 1.012.876,42 euros, destinada a cubrir el coste de la asistencia diaria que la v\u00edctima necesita para realizar actividades b\u00e1sicas, como alimentarse o vestirse, debido a las consecuencias del accidente.<\/p>\n<p> Adem\u00e1s, se concedi\u00f3 una indemnizaci\u00f3n por perjuicio moral, al considerar que la v\u00edctima ha sufrido una p\u00e9rdida muy grave de calidad de vida.<\/p>\n<p> Los familiares tambi\u00e9n recibieron una compensaci\u00f3n de 140.000 euros por el perjuicio moral, en reconocimiento al impacto emocional que el accidente ha tenido en sus vidas.<\/p>\n<p> El tribunal fij\u00f3 otros 105.312,99 euros por da\u00f1o moral complementario y 146.472 euros para cubrir los gastos de rehabilitaci\u00f3n necesarios para la recuperaci\u00f3n de la v\u00edctima.<\/p>\n<p> Asimismo, se incluyeron 33.365 euros por lucro cesante, es decir, por la p\u00e9rdida de ingresos que la v\u00edctima ha dejado de percibir como consecuencia del accidente.<\/p>\n<p> Finalmente, la aseguradora fue condenada a pagar los intereses moratorios desde la fecha del accidente y las costas del proceso judicial.&nbsp; El abogado Moreno destac\u00f3 que \u00aben casos de grandes lesionados por accidentes de tr\u00e1fico son muy pocas las sentencias que reconocen \u00edntegramente todas las partidas solicitadas en las demandas.<\/p>\n<p> Esta resoluci\u00f3n demuestra que la justicia comprende el verdadero impacto del da\u00f1o cerebral en las v\u00edctimas y sus familias, rechazando los argumentos restrictivos de la aseguradora.<\/p>\n<p> Ojal\u00e1 este fallo de Extremadura se extienda a otros tribunales en todo el pa\u00eds\u00bb.<\/p>\n<p>\nEmisor: Neurolegal<\/p>\n<p>\nContacto: Ima 628764649 INFO@CENTRODELACCIDENTADO.COM<\/p>\n","protected":false},"excerpt":{"rendered":"<p>(Informaci\u00f3n remitida por la empresa firmante) MADRID, 7 de octubre de 2025. La sentencia, pionera en la regi\u00f3n, reconoce el impacto que tienen las lesiones cerebrales en accidentes y establece un precedente para futuros casos similares. Un Juzgado de Primera Instancia de Badajoz ha concedido, en una reciente sentencia, la indemnizaci\u00f3n m\u00e1s alta registrada en [&hellip;]<\/p>\n","protected":false},"author":1,"featured_media":0,"comment_status":"closed","ping_status":"closed","sticky":false,"template":"","format":"standard","meta":{"footnotes":""},"categories":[2],"tags":[],"class_list":["post-63940","post","type-post","status-publish","format-standard","hentry","category-noticias"],"_links":{"self":[{"href":"https:\/\/webciudadana.net\/index.php?rest_route=\/wp\/v2\/posts\/63940","targetHints":{"allow":["GET"]}}],"collection":[{"href":"https:\/\/webciudadana.net\/index.php?rest_route=\/wp\/v2\/posts"}],"about":[{"href":"https:\/\/webciudadana.net\/index.php?rest_route=\/wp\/v2\/types\/post"}],"author":[{"embeddable":true,"href":"https:\/\/webciudadana.net\/index.php?rest_route=\/wp\/v2\/users\/1"}],"replies":[{"embeddable":true,"href":"https:\/\/webciudadana.net\/index.php?rest_route=%2Fwp%2Fv2%2Fcomments&post=63940"}],"version-history":[{"count":1,"href":"https:\/\/webciudadana.net\/index.php?rest_route=\/wp\/v2\/posts\/63940\/revisions"}],"predecessor-version":[{"id":63941,"href":"https:\/\/webciudadana.net\/index.php?rest_route=\/wp\/v2\/posts\/63940\/revisions\/63941"}],"wp:attachment":[{"href":"https:\/\/webciudadana.net\/index.php?rest_route=%2Fwp%2Fv2%2Fmedia&parent=63940"}],"wp:term":[{"taxonomy":"category","embeddable":true,"href":"https:\/\/webciudadana.net\/index.php?rest_route=%2Fwp%2Fv2%2Fcategories&post=63940"},{"taxonomy":"post_tag","embeddable":true,"href":"https:\/\/webciudadana.net\/index.php?rest_route=%2Fwp%2Fv2%2Ftags&post=63940"}],"curies":[{"name":"wp","href":"https:\/\/api.w.org\/{rel}","templated":true}]}}