{"id":63946,"date":"2025-10-08T14:54:12","date_gmt":"2025-10-08T12:54:12","guid":{"rendered":"https:\/\/ticker-noticiasep.microcontenidos.com\/NoticiaRSS.vbhtml?user=FRND562DLP&amp;cod=20251008125412"},"modified":"2025-10-08T14:54:12","modified_gmt":"2025-10-08T12:54:12","slug":"salud-dia-mundial-de-la-salud-mental-prevenir-antes-que-curar-en-la-juventud-espanola","status":"publish","type":"post","link":"https:\/\/webciudadana.net\/?p=63946","title":{"rendered":"Salud: D\u00eda Mundial de la Salud Mental: \u00abprevenir antes que curar\u00bb en la juventud espa\u00f1ola"},"content":{"rendered":"\n<div><img decoding=\"async\" src=\"https:\/\/img.europapress.es\/fotoweb\/fotonoticia_20251008125412_300.jpg\" class=\"ff-og-image-inserted\"><\/div>\n<p>(Informaci\u00f3n remitida por la empresa firmante)<\/p>\n<p> Madrid, 8 de octubre de 2025. <\/p>\n<p> El pr\u00f3ximo 10 de octubre se conmemora el D\u00eda Mundial de la Salud Mental, una fecha clave para poner de relieve la importancia de su cuidado en todas las etapas de la vida.<\/p>\n<p> En los \u00faltimos a\u00f1os, ha pasado de ser una preocupaci\u00f3n social que solo afectaba a la poblaci\u00f3n adulta y la tercera edad, a ser una realidad cada vez m\u00e1s presente en infancia y adolescencia.<\/p>\n<p> Este fen\u00f3meno demanda una respuesta coordinada desde todos los \u00e1mbitos.<\/p>\n<p> Seg\u00fan el estudio \u00abInquietudes, preocupaciones y salud mental de la juventud en Espa\u00f1a\u00bb de la Fundaci\u00f3n Atalaya (2024), m\u00e1s de la mitad de los j\u00f3venes reconoce haber sentido ansiedad o tristeza prolongada.<\/p>\n<p> Adem\u00e1s, la soledad no deseada, antes asociada a las personas mayores, est\u00e1 presente de forma moderada en el 55,5% de los j\u00f3venes.<\/p>\n<p> El Dr.<\/p>\n<p> Celso Arango, jefe del Servicio de Psiquiatr\u00eda del Ni\u00f1o y del Adolescente del Hospital General Universitario Gregorio Mara\u00f1\u00f3n, advierte: \u00abEl incremento de casos es real y sostenido.<\/p>\n<p> Aumentan los trastornos emocionales, los de la conducta alimentaria y las autolesiones\u00bb.<\/p>\n<p> El experto subraya que \u00abla prevenci\u00f3n es la gran asignatura pendiente y debe comenzar en la escuela y en la atenci\u00f3n primaria, formando a docentes, pediatras y familias en detecci\u00f3n temprana, educaci\u00f3n y acompa\u00f1amiento\u00bb.<\/p>\n<p> A esta realidad se suma un contexto social en constante transformaci\u00f3n: \u00abLos grandes cambios antes se produc\u00edan cada cinco o diez a\u00f1os.<\/p>\n<p> Hoy, Internet, las redes sociales o la inteligencia artificial han modificado radicalmente el entorno en el que crecen los j\u00f3venes.<\/p>\n<p> El resultado es una mayor confusi\u00f3n y desbordamiento emocional, en una sociedad para la que cuerpo y mente a\u00fan no se han adaptado\u00bb, se\u00f1ala el Dr.<\/p>\n<p> Arango.<\/p>\n<p> Por su parte, el Dr.<\/p>\n<p> Javier Urra, director cl\u00ednico de Recurra Ginso, coincide en la urgencia de actuar desde el punto de vista de la psicolog\u00eda y destaca la necesidad de educar para la vida real: \u00abEl mayor factor de protecci\u00f3n es preparar a los ni\u00f1os para afrontar la vida.<\/p>\n<p> Deben aprender a convivir con el dolor, la frustraci\u00f3n o la p\u00e9rdida.<\/p>\n<p> Necesitamos ciudadanos que no le pidan a la vida m\u00e1s de lo que puede dar y que entiendan que lo importante no es el \u2018yo\u2019, sino el \u2018t\u00fa\u2019\u00bb.<\/p>\n<p> \u00abUn hijo sin ilusi\u00f3n y sin relaciones es un hijo en riesgo.<\/p>\n<p> Si transmite que la vida no tiene sentido, esa es la llamada m\u00e1s clara de auxilio\u00bb, a\u00f1ade el Dr.<\/p>\n<p> Urra Prevenir antes que curar Frente a este escenario, ambos expertos coinciden en que la mejor estrategia es la prevenci\u00f3n, reforzando los factores de protecci\u00f3n que fortalecen la resiliencia y el bienestar emocional.<\/p>\n<p> Entre ellos destacan: V\u00ednculos afectivos tempranos y estables, que refuercen el apego y la seguridad emocional.<\/p>\n<p> Cohesi\u00f3n familiar y relaciones de apoyo, con adultos que acompa\u00f1en sin sobreproteger.<\/p>\n<p> Educaci\u00f3n emocional en las aulas, que ense\u00f1e a gestionar emociones, pedir ayuda, respetar la diversidad y trabajar en equipo.<\/p>\n<p> Entornos seguros y libres de violencia, que prevengan el trauma, el acoso o la discriminaci\u00f3n.<\/p>\n<p> Participaci\u00f3n activa en la comunidad, fomentando el sentido de pertenencia y la empat\u00eda.<\/p>\n<p> La voz de los expertos De cara a este D\u00eda de la Salud Mental, el Dr.<\/p>\n<p> Arango recuerda que \u00abprevenir no es solo evitar el sufrimiento, sino dar a cada ni\u00f1o, ni\u00f1a y adolescente las herramientas para construir una vida plena y significativa\u00bb.<\/p>\n<p> El Dr.<\/p>\n<p> Urra concluye: \u00abDebemos disfrutar de la vida y de los ni\u00f1os.<\/p>\n<p> Acompa\u00f1emos sin invadir, eduquemos con pasi\u00f3n y ense\u00f1emos a amar la existencia, incluso cuando duele\u00bb Ante esta situaci\u00f3n, los expertos de Recurra Ginso quedan a disposici\u00f3n de las familias un servicio especializado en la atenci\u00f3n integral de ni\u00f1os, ni\u00f1as y adolescentes con dificultades emocionales, conductuales o familiares.<\/p>\n<p> www.recurra.es 900 656 565 Sobre Recurra Ginso Recurra Ginso es un programa de la Asociaci\u00f3n Ginso especializado en salud mental infantojuvenil, con m\u00e1s de una d\u00e9cada de experiencia, destinado la atenci\u00f3n ambulatoria, de hospital de d\u00eda y a la atenci\u00f3n en centro terap\u00e9utico residencial, de aquellas patolog\u00edas relacionadas con el bienestar psicol\u00f3gico de menores, j\u00f3venes y familias.<\/p>\n<p> Ofrece un modelo integral de intervenci\u00f3n basado en modelos validados cient\u00edficamente y evaluados en su eficacia.<\/p>\n<p> Su equipo multidisciplinar -formado por psic\u00f3logos, psiquiatras, m\u00e9dicos, educadores y trabajadores sociales entre otros- desarrolla programas innovadores que combinan intervenci\u00f3n cl\u00ednica, educativa y familiar.<\/p>\n<p> Este modelo logra un impacto real en la mejora de la convivencia, el restablecimiento de v\u00ednculos y el bienestar emocional de los j\u00f3venes y de sus familias.<\/p>\n<p> Para m\u00e1s informaci\u00f3n, por favor, contacta con: Marcos Romero \u2013 marcosromero@ginso.org Alicia Santos \u2013 alicia.santos@ginso.org<\/p>\n<p>\nEmisor: Asociaci\u00f3n para la Gesti\u00f3n de la Integraci\u00f3n Social (GINSO)<\/p>\n<p>\nContacto: Marcos Romero +34 623 290 674 marcosromero@ginso.org<\/p>\n","protected":false},"excerpt":{"rendered":"<p>(Informaci\u00f3n remitida por la empresa firmante) Madrid, 8 de octubre de 2025. El pr\u00f3ximo 10 de octubre se conmemora el D\u00eda Mundial de la Salud Mental, una fecha clave para poner de relieve la importancia de su cuidado en todas las etapas de la vida. En los \u00faltimos a\u00f1os, ha pasado de ser una preocupaci\u00f3n [&hellip;]<\/p>\n","protected":false},"author":1,"featured_media":0,"comment_status":"closed","ping_status":"closed","sticky":false,"template":"","format":"standard","meta":{"footnotes":""},"categories":[2],"tags":[],"class_list":["post-63946","post","type-post","status-publish","format-standard","hentry","category-noticias"],"_links":{"self":[{"href":"https:\/\/webciudadana.net\/index.php?rest_route=\/wp\/v2\/posts\/63946","targetHints":{"allow":["GET"]}}],"collection":[{"href":"https:\/\/webciudadana.net\/index.php?rest_route=\/wp\/v2\/posts"}],"about":[{"href":"https:\/\/webciudadana.net\/index.php?rest_route=\/wp\/v2\/types\/post"}],"author":[{"embeddable":true,"href":"https:\/\/webciudadana.net\/index.php?rest_route=\/wp\/v2\/users\/1"}],"replies":[{"embeddable":true,"href":"https:\/\/webciudadana.net\/index.php?rest_route=%2Fwp%2Fv2%2Fcomments&post=63946"}],"version-history":[{"count":1,"href":"https:\/\/webciudadana.net\/index.php?rest_route=\/wp\/v2\/posts\/63946\/revisions"}],"predecessor-version":[{"id":63947,"href":"https:\/\/webciudadana.net\/index.php?rest_route=\/wp\/v2\/posts\/63946\/revisions\/63947"}],"wp:attachment":[{"href":"https:\/\/webciudadana.net\/index.php?rest_route=%2Fwp%2Fv2%2Fmedia&parent=63946"}],"wp:term":[{"taxonomy":"category","embeddable":true,"href":"https:\/\/webciudadana.net\/index.php?rest_route=%2Fwp%2Fv2%2Fcategories&post=63946"},{"taxonomy":"post_tag","embeddable":true,"href":"https:\/\/webciudadana.net\/index.php?rest_route=%2Fwp%2Fv2%2Ftags&post=63946"}],"curies":[{"name":"wp","href":"https:\/\/api.w.org\/{rel}","templated":true}]}}