{"id":63954,"date":"2025-10-14T16:07:35","date_gmt":"2025-10-14T14:07:35","guid":{"rendered":"https:\/\/ticker-noticiasep.microcontenidos.com\/NoticiaRSS.vbhtml?user=FRND562DLP&amp;cod=20251014140735"},"modified":"2025-10-14T16:07:35","modified_gmt":"2025-10-14T14:07:35","slug":"sociedad-el-museo-la-neomudejar-acude-a-la-bienal-de-cuenca-ecuador-con-el-apoyo-de-la-fundacion-arts-connection","status":"publish","type":"post","link":"https:\/\/webciudadana.net\/?p=63954","title":{"rendered":"Sociedad: El Museo La Neomud\u00e9jar acude a la Bienal de Cuenca (Ecuador) con el apoyo de la fundaci\u00f3n Arts Connection"},"content":{"rendered":"\n<div><img decoding=\"async\" src=\"https:\/\/img.europapress.es\/fotoweb\/fotonoticia_20251014140735_300.jpg\" class=\"ff-og-image-inserted\"><\/div>\n<p>(Informaci\u00f3n remitida por la empresa firmante)<\/p>\n<p> Madrid, 14 de octubre de 2025. <\/p>\n<p> Fiel a la labor de internacionalizaci\u00f3n del arte espa\u00f1ol, el Museo La Neomud\u00e9jar, ha sido invitado oficialmente con pabell\u00f3n propio en la que se considera una de las mejores bienales de arte de Latinoam\u00e9rica.<\/p>\n<p> La Bienal de Cuenca.<\/p>\n<p> cumple 40 a\u00f1os de existencia y en su XVII edici\u00f3n, su director Hern\u00e1n Pacurucu ha planteado un reto para los m\u00e1s de 17 comisarios internacionales invitados bajo el lema \u00abThe Game\u201d.<\/p>\n<p> Un marco gen\u00e9rico donde la oportunidad del juego curatorial ser\u00e1 sin ninguna duda un deleite para los visitantes y una excusa para que las artes visuales tengan un despliegue de imaginaci\u00f3n y creatividad gracias a &nbsp;los comisarios y artistas tops de las Artes Visuales que participan a nivel mundial.<\/p>\n<p> Dentro de este estimulante marco de talentos y primeras figuras, Espa\u00f1a estar\u00e1 &nbsp;presente con uno de los museos menos convencional del panorama estatal.<\/p>\n<p> Una apuesta certera para una Bienal que cuenta con lo mejor de cada pa\u00eds invitado.<\/p>\n<p> \u00bb The Game\u00bb nos comentan los codirectores del Museo La Neomud\u00e9jar N\u00e9stor Prieto y Francisco Brives -\u201cser museo invitado a participar en la Bienal de Cuenca nos va a permitir poner al arte espa\u00f1ol y a sus artistas en un escaparate mundial.<\/p>\n<p> Un foco imprescindible para el posicionamiento del arte espa\u00f1ol en el continente Americano, y la ocasi\u00f3n de&nbsp;jugar en primera linea con los comisarios m\u00e1s influyentes &nbsp;a nivel global\u201d.&nbsp;El Museo ha elegido para su propuesta nombres imprescindibles del arte actual en nuestro pa\u00eds como son Marina N\u00fa\u00f1ez, Ciria, Diego Moya, Jacqueline Bonacic-Doric y una espl\u00e9ndida artista Guatemalteca como es Ver\u00f3nica Riedel.<\/p>\n<p> Est\u00e9 ser\u00e1 el elenco art\u00edstico que invadir\u00e1 con sus obras la \u00abCasa V\u00e9lez\u00bb &nbsp;que la Bienal ha ofrecido al museo La Neomud\u00e9jar para montar su pabell\u00f3n propio.<\/p>\n<p> Un edificio hist\u00f3rico singular al pie del barranco de Cuenca que hace espejo con las famosas casas colgadas de nuestra Cuenca espa\u00f1ola.<\/p>\n<p> Cuatro plantas que se descuelgan por el barranco del espectacular conjunto hist\u00f3rico patrimonial de la ciudad Ecuatoriana ser\u00e1n la sede del pabell\u00f3n Esapa\u00f1a del Museo La Neomudejar.<\/p>\n<p> El comisario de la exposici\u00f3n, N\u00e9stor Prieto, ha basado su propuesta en la simbiosis.<\/p>\n<p> Bajo el t\u00edtulo \u201cMycelium, la simbiosis de la forma\u00bb Prieto plantea un juego entre el mycelio y sus sistemas de cooperaci\u00f3n que generan conectividad, apoyo mutuo y sostenibilidad para la vida.<\/p>\n<p> Un marcado comisariado que atraviesa la supervivencia como eje trasversal en el sistema del arte, y que pone de manifiesto la vulnerabilidad, la fragilidad y lo complejo que es la vida y la existencia sin el apoyo mutuo.<\/p>\n<p> En esta ocasi\u00f3n para su participaci\u00f3n en el escaparate internacional de la Bienal de Cuenca han tenido el apoyo in extremis de la Fundaci\u00f3n Arts Connection de Miami.<\/p>\n<p> Gracias a su directora, Andreina Fuentes Angarita, el Museo La Neomud\u00e9jar llegar\u00e1 a Ecuador para formar parte de este escaparate tan relevante en t\u00e9rminos internacionales.&nbsp;&nbsp;En cuanto a la propuesta art\u00edstica del museo en la \u00abCasa V\u00e9lez\u00bb, se inaugurar\u00e1 el d\u00eda 22 de Octubre y en su recorrido nos comenta el comisario podr\u00e1n disfrutar de una &nbsp;experiencia diferencial con una serie de tecnolog\u00edas, reflexiones y lenguajes art\u00edsticos que van desde la instalaci\u00f3n, el v\u00eddeo, la escultura, la pintura o la actual IA .<\/p>\n<p> La propuesta es muy atrevida ya que juega con la arquitectura hist\u00f3rica colonial, en un edificio singular que funciona como un laberinto de habitaciones, balcones y escaleras.<\/p>\n<p> La primera planta estar\u00e1 inundada por la propuesta de Ciria, un laberinto tensionado de obras pict\u00f3ricas espectaculares que armar\u00e1n un recorrido inmersivo con dos grandes fuentes productoras de vida, 6 goteros cl\u00ednicos que llenos de pintura y colores alimentan la creatividad e ir\u00e1n impregnando una cascada de lienzos que durante la Bienal &nbsp;conformaran una suerte de mycelio pict\u00f3rico, met\u00e1fora de la simbiosis entre el arte y la vida.<\/p>\n<p> La obra de Ciria es sin duda una de las grandes voces referentes del arte actual espa\u00f1ol y que mayor presencia internacional tiene dentro del mercado del arte internacional, nos invita a una reflexi\u00f3n profunda sobre el lenguaje pict\u00f3rico que trascienda el plano material para asentarse en un universo mental de creaci\u00f3n singular, muy personal y de una gestualidad inconfundible.<\/p>\n<p> A continuaci\u00f3n podremos contemplar la producci\u00f3n \u00faltima del artista Diego Moya, que justo con ese juego del mycelio y sus famosas cajas de luz, presentar\u00e1 la \u00faltima de sus producciones.<\/p>\n<p> Su preocupaci\u00f3n por la deriva del ser humano ante la invasi\u00f3n de los dispositivos en nuestra conformaci\u00f3n como sociedad.<\/p>\n<p> Por primera vez su producci\u00f3n abandona la geometr\u00eda para adentrarse en una suerte de figuraci\u00f3n donde los rostros se componen de fragmentaciones en planos de luz, que dan lugar a una insinuaci\u00f3n pseudo Humana que nos interpela hacia donde discurre nuestra identidad como especie.<\/p>\n<p> En la segunda de las plantas estar\u00e1 representada la vulnerabilidad, la obra imponente de Jacqueline Bonacic-Doric, nos sumerge en una revisitaci\u00f3n de su \u00abBosque de los abatidos\u00bb que en esta ocasi\u00f3n dialogar\u00e1 con una acumulaci\u00f3n de seres heroicos que desbordar\u00e1n y se descolgaran por uno de los balcones de la Casa V\u00e9lez, desafiando el barranco con una cascada de supervivientes textiles.<\/p>\n<p> La obra de la artista espa\u00f1ola de origen serbocroata, impone una acci\u00f3n performativa de car\u00e1cter l\u00fadico donde la fragilidad puede estar en el adentro o el afuera, el refugio a veces puede ser un barranco y otras veces el hogar del vac\u00edo de los desechos.<\/p>\n<p> Su trabajo performativo ser\u00e1 parte del programa que el visitante podr\u00e1 acompa\u00f1ar durante los primeros d\u00edas de la Bienal de Cuenca.&nbsp;Y su performance duracional, plantea un rescate en las fronteras difuminadas de un abismo real que aqueja a la sociedad.<\/p>\n<p> La performance ejecutara en tiempo real un rescate de los supervivientes textiles generados tras una ut\u00f3pica hecatombe nuclear.<\/p>\n<p> La tercera de las plantas contar\u00e1 con la tecnolog\u00eda l\u00e1ser y la implantaci\u00f3n de la IA en nuestras vidas.<\/p>\n<p> Las esculturas talladas en vidrio de Marina N\u00fa\u00f1ez, ofrecen la revisi\u00f3n de que somos como materia o polvo de estrellas, su mirada c\u00f3smica sobre el cuerpo y la materia conformada por virus y bacterias, hablan de ese juego simbi\u00f3tico que se da entre los organismos que componen nuestra corporalidad y que sin el apoyo mutuo no existir\u00edan.<\/p>\n<p> Las piezas de v\u00eddeo que acompa\u00f1an esta instalaci\u00f3n son especialmente impactantes y su manejo de la IA dentro de su producci\u00f3n de videoarte, aportar\u00e1 sin duda un despliegue de evocaci\u00f3n e imaginaci\u00f3n al visitante.&nbsp; Por \u00faltimo y no menos atrevida es la propuesta de la Guatemalteca Ver\u00f3nica Riedel y su investigaci\u00f3n sobre los biocultivos.<\/p>\n<p> Su trabajo conformar\u00e1 una instalaci\u00f3n frente a un vitral impresionante donde antes estaban las antiguas cocinas de la vivienda, lugar donde se cuece la investigaci\u00f3n sobre las plantas medicinales Mayas y ese mycelio que alimenta la vida del planeta.<\/p>\n<p> La obra de Riedel, profundiza sobre la fuente del conocimiento ancestral y las composiciones geom\u00e9tricas, su trabajo esta conectado con la cosmovisi\u00f3n Maya y la necesidad de cuidar y escuchar la vida en la tierra.<\/p>\n<p> Los d\u00edas 27 y 28 de Octubre los codirectores del Museo La Neomud\u00e9jar Francisco Brives y N\u00e9stor Prieto participar\u00e1n como ponentes en la ciudad de Loja donde se desarrollar\u00e1 el Congreso Internacional de Nuevas Pedagog\u00edas en las Artes, un espacio de encuentro acad\u00e9mico y profesional que reunir\u00e1 a especialistas, docentes e investigadores para reflexionar sobre los desaf\u00edos y las innovaciones en la ense\u00f1anza art\u00edstica.<\/p>\n<p>\nEmisor: ArthouseSpain<\/p>\n<p>\nContacto: Francisco javier Palacio Edreira 639077544 fran@arthousemadrid.es<\/p>\n","protected":false},"excerpt":{"rendered":"<p>(Informaci\u00f3n remitida por la empresa firmante) Madrid, 14 de octubre de 2025. Fiel a la labor de internacionalizaci\u00f3n del arte espa\u00f1ol, el Museo La Neomud\u00e9jar, ha sido invitado oficialmente con pabell\u00f3n propio en la que se considera una de las mejores bienales de arte de Latinoam\u00e9rica. La Bienal de Cuenca. cumple 40 a\u00f1os de existencia [&hellip;]<\/p>\n","protected":false},"author":1,"featured_media":0,"comment_status":"closed","ping_status":"closed","sticky":false,"template":"","format":"standard","meta":{"footnotes":""},"categories":[2],"tags":[],"class_list":["post-63954","post","type-post","status-publish","format-standard","hentry","category-noticias"],"_links":{"self":[{"href":"https:\/\/webciudadana.net\/index.php?rest_route=\/wp\/v2\/posts\/63954","targetHints":{"allow":["GET"]}}],"collection":[{"href":"https:\/\/webciudadana.net\/index.php?rest_route=\/wp\/v2\/posts"}],"about":[{"href":"https:\/\/webciudadana.net\/index.php?rest_route=\/wp\/v2\/types\/post"}],"author":[{"embeddable":true,"href":"https:\/\/webciudadana.net\/index.php?rest_route=\/wp\/v2\/users\/1"}],"replies":[{"embeddable":true,"href":"https:\/\/webciudadana.net\/index.php?rest_route=%2Fwp%2Fv2%2Fcomments&post=63954"}],"version-history":[{"count":0,"href":"https:\/\/webciudadana.net\/index.php?rest_route=\/wp\/v2\/posts\/63954\/revisions"}],"wp:attachment":[{"href":"https:\/\/webciudadana.net\/index.php?rest_route=%2Fwp%2Fv2%2Fmedia&parent=63954"}],"wp:term":[{"taxonomy":"category","embeddable":true,"href":"https:\/\/webciudadana.net\/index.php?rest_route=%2Fwp%2Fv2%2Fcategories&post=63954"},{"taxonomy":"post_tag","embeddable":true,"href":"https:\/\/webciudadana.net\/index.php?rest_route=%2Fwp%2Fv2%2Ftags&post=63954"}],"curies":[{"name":"wp","href":"https:\/\/api.w.org\/{rel}","templated":true}]}}