{"id":63955,"date":"2025-10-15T11:23:32","date_gmt":"2025-10-15T09:23:32","guid":{"rendered":"https:\/\/ticker-noticiasep.microcontenidos.com\/NoticiaRSS.vbhtml?user=FRND562DLP&amp;cod=20251015092332"},"modified":"2025-10-15T11:23:32","modified_gmt":"2025-10-15T09:23:32","slug":"sociedad-stima-refuerza-su-compromiso-con-los-mayores-de-madrid-con-la-apertura-de-su-sexto-centro-de-dia","status":"publish","type":"post","link":"https:\/\/webciudadana.net\/?p=63955","title":{"rendered":"Sociedad: STIMA refuerza su compromiso con los mayores de Madrid con la apertura de su sexto centro de d\u00eda"},"content":{"rendered":"\n<div><img decoding=\"async\" src=\"https:\/\/img.europapress.es\/fotoweb\/fotonoticia_20251015092332_300.jpg\" class=\"ff-og-image-inserted\"><\/div>\n<p>(Informaci\u00f3n remitida por la empresa firmante)<\/p>\n<p> Madrid, 15 de octubre de 2025. <\/p>\n<p> El grupo Stima Mayores abre un nuevo centro en la calle Fundadores, 10 (Madrid), consolidando su modelo de atenci\u00f3n personalizado y cercano para las personas mayores y sus familias.<\/p>\n<p> STIMA Mayores, referente en la atenci\u00f3n especializada a personas mayores en situaci\u00f3n de dependencia, ha inaugurado un nuevo centro de d\u00eda en la calle Fundadores, 10.<\/p>\n<p> Con este, ya son seis los centros de d\u00eda en funcionamiento en la Comunidad de Madrid (Arganzuela, Moratalaz, Aluche, Hortaleza, Arapiles y ahora tambi\u00e9n en Fuente del Berro \u2013 Salamanca).<\/p>\n<p> Los centros de d\u00eda: una alternativa flexible y eficaz En una ciudad donde m\u00e1s de 1,3 millones de personas superan los 65 a\u00f1os, y de las cuales 215 mil superan los 80 a\u00f1os, la demanda de soluciones intermedias entre el cuidado en casa y la institucionalizaci\u00f3n en residencias no deja de crecer.<\/p>\n<p> Los centros de d\u00eda se posicionan como una de las alternativas m\u00e1s beneficiosas, ya que permiten a las personas mayores permanecer en su hogar y en su entorno familiar, al mismo tiempo que reciben estimulaci\u00f3n cognitiva, rehabilitaci\u00f3n f\u00edsica y apoyo social y emocional de la mano de profesionales cualificados, y todo ello en un espacio especializado.<\/p>\n<p> Para las familias, los centros de d\u00eda suponen tranquilidad y acompa\u00f1amiento profesional, evitando situaciones de sobrecarga y retrasando la necesidad de una residencia hasta que realmente sea necesario.<\/p>\n<p> La combinaci\u00f3n con el Servicio de Ayuda a Domicilio (SAD): un plus de bienestar Adem\u00e1s, STIMA defiende un modelo integral de atenci\u00f3n donde la asistencia en los centros se complementa con el Servicio de Ayuda a Domicilio (SAD) a trav\u00e9s de una estrecha colaboraci\u00f3n con entidades especializadas.<\/p>\n<p> Esta f\u00f3rmula h\u00edbrida asegura que la persona mayor recibe continuidad en loscuidados, tanto en su hogar como en el centro, maximizando los beneficios de ambas modalidades y reforzando su autonom\u00eda y calidad de vida.<\/p>\n<p> Instalaciones y filosof\u00eda de STIMA El nuevo centro de d\u00eda de Fundadores cuenta con un espacio moderno, adaptado y dise\u00f1ado para favorecer la participaci\u00f3n activa de las personas mayores.<\/p>\n<p> Programas de fisioterapia, neuropsicolog\u00eda, terapia ocupacional, talleres de estimulaci\u00f3n cognitiva, logopedia y actividades sociales, conforman parte de la oferta integral orientada a mantener y potenciar la autonom\u00eda personal.<\/p>\n<p> \u201cEn STIMA creemos firmemente que los mayores no deben elegir entre quedarse en casa sin la atenci\u00f3n que necesitan, o trasladarse a una residencia antes de tiempo.<\/p>\n<p> Nuestro modelo busca ofrecer la mejor atenci\u00f3n posible respetando siempre sus tiempos, su independencia y el papel central de la familia\u201d, explica Pablo Sol\u00e9, CEO y Cofundador de STIMA Mayores.<\/p>\n<p> Sobre STIMA Nacida de la ilusi\u00f3n de los hermanos Pablo y Gabriel Sol\u00e9 en 2010, y junto a un gran equipo de profesionales que han apoyado el proyecto desde el principio, STIMA Mayores lleva m\u00e1s de una d\u00e9cada acompa\u00f1ando a familias madrile\u00f1ascon un modelo de atenci\u00f3n centrado en la persona, basado en la profesionalidad, la innovaci\u00f3n y la cercan\u00eda.<\/p>\n<p> Actualmente cuenta con seis centros de d\u00eda en Madrid y un proyecto de expansi\u00f3n que permitir\u00e1 acercar este modelo de cuidados especializados a un n\u00famero creciente de personas cerca de sus domicilios.<\/p>\n<p> M\u00e1s informaci\u00f3n: www.stimamayores.es <\/p>\n<p>\nEmisor: STIMA<\/p>\n<p>\nContacto: Patricia Del Barco Cerro 913 776 027 comunicacion@stimamayores.es<\/p>\n","protected":false},"excerpt":{"rendered":"<p>(Informaci\u00f3n remitida por la empresa firmante) Madrid, 15 de octubre de 2025. El grupo Stima Mayores abre un nuevo centro en la calle Fundadores, 10 (Madrid), consolidando su modelo de atenci\u00f3n personalizado y cercano para las personas mayores y sus familias. STIMA Mayores, referente en la atenci\u00f3n especializada a personas mayores en situaci\u00f3n de dependencia, [&hellip;]<\/p>\n","protected":false},"author":1,"featured_media":0,"comment_status":"closed","ping_status":"closed","sticky":false,"template":"","format":"standard","meta":{"footnotes":""},"categories":[2],"tags":[],"class_list":["post-63955","post","type-post","status-publish","format-standard","hentry","category-noticias"],"_links":{"self":[{"href":"https:\/\/webciudadana.net\/index.php?rest_route=\/wp\/v2\/posts\/63955","targetHints":{"allow":["GET"]}}],"collection":[{"href":"https:\/\/webciudadana.net\/index.php?rest_route=\/wp\/v2\/posts"}],"about":[{"href":"https:\/\/webciudadana.net\/index.php?rest_route=\/wp\/v2\/types\/post"}],"author":[{"embeddable":true,"href":"https:\/\/webciudadana.net\/index.php?rest_route=\/wp\/v2\/users\/1"}],"replies":[{"embeddable":true,"href":"https:\/\/webciudadana.net\/index.php?rest_route=%2Fwp%2Fv2%2Fcomments&post=63955"}],"version-history":[{"count":1,"href":"https:\/\/webciudadana.net\/index.php?rest_route=\/wp\/v2\/posts\/63955\/revisions"}],"predecessor-version":[{"id":63956,"href":"https:\/\/webciudadana.net\/index.php?rest_route=\/wp\/v2\/posts\/63955\/revisions\/63956"}],"wp:attachment":[{"href":"https:\/\/webciudadana.net\/index.php?rest_route=%2Fwp%2Fv2%2Fmedia&parent=63955"}],"wp:term":[{"taxonomy":"category","embeddable":true,"href":"https:\/\/webciudadana.net\/index.php?rest_route=%2Fwp%2Fv2%2Fcategories&post=63955"},{"taxonomy":"post_tag","embeddable":true,"href":"https:\/\/webciudadana.net\/index.php?rest_route=%2Fwp%2Fv2%2Ftags&post=63955"}],"curies":[{"name":"wp","href":"https:\/\/api.w.org\/{rel}","templated":true}]}}