{"id":63957,"date":"2025-10-17T12:25:52","date_gmt":"2025-10-17T10:25:52","guid":{"rendered":"https:\/\/ticker-noticiasep.microcontenidos.com\/NoticiaRSS.vbhtml?user=FRND562DLP&amp;cod=20251017102552"},"modified":"2025-10-17T12:25:52","modified_gmt":"2025-10-17T10:25:52","slug":"salud-el-ii-congreso-de-educacion-terapeutica-en-diabetes-acogera-a-250-profesionales-sanitarios-en-madrid","status":"publish","type":"post","link":"https:\/\/webciudadana.net\/?p=63957","title":{"rendered":"Salud: El II Congreso de Educaci\u00f3n Terap\u00e9utica en Diabetes acoger\u00e1 a 250 profesionales sanitarios en Madrid"},"content":{"rendered":"\n<div><img decoding=\"async\" src=\"https:\/\/img.europapress.es\/fotoweb\/fotonoticia_20251017102552_300.jpg\" class=\"ff-og-image-inserted\"><\/div>\n<p>(Informaci\u00f3n remitida por la empresa firmante)<\/p>\n<p> Plasencia, 17 de octubre de 2025. <\/p>\n<p> Enfermeras, m\u00e9dicos y psic\u00f3logos, todos ellos educadores en diabetes y especializados en tecnolog\u00eda sanitaria, se reunir\u00e1n el pr\u00f3ximo 24 y 25 de octubre en el Hotel Nuevo Boston de Madrid para debatir y compartir conocimiento sobre los retos presentes y futuros en el cuidado de las personas con diabetes.<\/p>\n<p> Este evento, consolidado ya como un congreso de referencia nacional en educaci\u00f3n terap\u00e9utica e innovaci\u00f3n, est\u00e1 organizado por el Centro Tecnol\u00f3gico de Simulaci\u00f3n de eSal\u00f9date y un Comit\u00e9 Cient\u00edfico de profesionales l\u00edderes en Diabetes, presidido por Maite Penalba, enfermera del Hospital La Fe y pionera en Educaci\u00f3n Terap\u00e9utica en Espa\u00f1a: \u201cPor muchos avances tecnol\u00f3gicos que existan, sin educaci\u00f3n terap\u00e9utica al paciente y sus familias, es muy dif\u00edcil que se genere una buena adherencia terap\u00e9utica y un correcto control de la diabetes\u201d.<\/p>\n<p> A trav\u00e9s de ponencias cient\u00edficas, talleres pr\u00e1cticos y mesas de debate, el programa abordar\u00e1 los avances m\u00e1s recientes en dispositivos, monitorizaci\u00f3n, bombas de insulina y estrategias educativas centradas en la persona con diabetes, que busquen acercar la evidencia cient\u00edfica a la pr\u00e1ctica cl\u00ednica diaria.<\/p>\n<p> Adem\u00e1s, el congreso ofrecer\u00e1 un espacio expositivo donde la industria sanitaria presentar\u00e1 las \u00faltimas tecnolog\u00edas y soluciones digitales para la gesti\u00f3n de la diabetes, as\u00ed como una zona de p\u00f3steres y premios a los mejores trabajos de investigaci\u00f3n y educaci\u00f3n.<\/p>\n<p> \u201cComo profesionales de la salud, debemos aunar esfuerzos para mejorar los tratamientos y cuidados de nuestros pacientes independientemente del nivel asistencial, donde la Educaci\u00f3n Terap\u00e9utica que utilizamos, su indicaci\u00f3n, \u00faltima tecnolog\u00eda, t\u00e9cnicas y cuidados son primordiales\u201d, destaca Higinio Salgado Pacheco, presidente del Comit\u00e9 Organizador.<\/p>\n<p> Este encuentro cuenta con la validaci\u00f3n de Fenin (Federaci\u00f3n Espa\u00f1ola de Empresas de Tecnolog\u00eda Sanitaria) y la acreditaci\u00f3n por la CFC (Comisi\u00f3n de Formaci\u00f3n Continuada de las profesiones sanitarias).<\/p>\n<p> Toda la informaci\u00f3n y programa est\u00e1 disponible en educaciondiabetes.es<\/p>\n<p>\nEmisor: eSal\u00f9date<\/p>\n<p>\nContacto: Almudena Rivero 607068748 secretariatecnica@esaludate.com<\/p>\n","protected":false},"excerpt":{"rendered":"<p>(Informaci\u00f3n remitida por la empresa firmante) Plasencia, 17 de octubre de 2025. Enfermeras, m\u00e9dicos y psic\u00f3logos, todos ellos educadores en diabetes y especializados en tecnolog\u00eda sanitaria, se reunir\u00e1n el pr\u00f3ximo 24 y 25 de octubre en el Hotel Nuevo Boston de Madrid para debatir y compartir conocimiento sobre los retos presentes y futuros en el [&hellip;]<\/p>\n","protected":false},"author":1,"featured_media":0,"comment_status":"closed","ping_status":"closed","sticky":false,"template":"","format":"standard","meta":{"footnotes":""},"categories":[2],"tags":[],"class_list":["post-63957","post","type-post","status-publish","format-standard","hentry","category-noticias"],"_links":{"self":[{"href":"https:\/\/webciudadana.net\/index.php?rest_route=\/wp\/v2\/posts\/63957","targetHints":{"allow":["GET"]}}],"collection":[{"href":"https:\/\/webciudadana.net\/index.php?rest_route=\/wp\/v2\/posts"}],"about":[{"href":"https:\/\/webciudadana.net\/index.php?rest_route=\/wp\/v2\/types\/post"}],"author":[{"embeddable":true,"href":"https:\/\/webciudadana.net\/index.php?rest_route=\/wp\/v2\/users\/1"}],"replies":[{"embeddable":true,"href":"https:\/\/webciudadana.net\/index.php?rest_route=%2Fwp%2Fv2%2Fcomments&post=63957"}],"version-history":[{"count":1,"href":"https:\/\/webciudadana.net\/index.php?rest_route=\/wp\/v2\/posts\/63957\/revisions"}],"predecessor-version":[{"id":63958,"href":"https:\/\/webciudadana.net\/index.php?rest_route=\/wp\/v2\/posts\/63957\/revisions\/63958"}],"wp:attachment":[{"href":"https:\/\/webciudadana.net\/index.php?rest_route=%2Fwp%2Fv2%2Fmedia&parent=63957"}],"wp:term":[{"taxonomy":"category","embeddable":true,"href":"https:\/\/webciudadana.net\/index.php?rest_route=%2Fwp%2Fv2%2Fcategories&post=63957"},{"taxonomy":"post_tag","embeddable":true,"href":"https:\/\/webciudadana.net\/index.php?rest_route=%2Fwp%2Fv2%2Ftags&post=63957"}],"curies":[{"name":"wp","href":"https:\/\/api.w.org\/{rel}","templated":true}]}}