{"id":63960,"date":"2025-10-22T12:55:29","date_gmt":"2025-10-22T10:55:29","guid":{"rendered":"https:\/\/ticker-noticiasep.microcontenidos.com\/NoticiaRSS.vbhtml?user=FRND562DLP&amp;cod=20251022105529"},"modified":"2025-10-22T12:55:29","modified_gmt":"2025-10-22T10:55:29","slug":"la-catedra-lideres-de-la-upv-embarca-a-empresarios-en-un-mentoring-pionero-por-el-mediterraneo","status":"publish","type":"post","link":"https:\/\/webciudadana.net\/?p=63960","title":{"rendered":"La C\u00e1tedra L\u00edderes de la UPV embarca a empresarios en un mentoring pionero por el Mediterr\u00e1neo"},"content":{"rendered":"\n<div><img decoding=\"async\" src=\"https:\/\/img.europapress.es\/fotoweb\/fotonoticia_20251022105529_300.jpg\" class=\"ff-og-image-inserted\"><\/div>\n<p>(Informaci\u00f3n remitida por la empresa firmante)<\/p>\n<p> Valencia, 22 de octubre de 2025. <\/p>\n<p> El programa \u2018L\u00edderes a bordo\u2019 impulsado por el Consejo Social de la Universitat Polit\u00e8cnica de Val\u00e8ncia (UPV) ha celebrado su primera edici\u00f3n en un crucero por el mar Mediterr\u00e1neo, en el que se han reunido empresarios emergentes y algunos de los referentes del panorama valenciano, en unas jornadas de formaci\u00f3n, mentoring y experiencia inmersiva.<\/p>\n<p> Los participantes han realizado sesiones intensivas de trabajo a bordo del MSC Grandiosa y en las paradas del viaje durante una semana.<\/p>\n<p> De esta manera, los 12 participantes han convivido durante todo itinerario, compartiendo experiencia, dudas y conocimientos sobre el mundo empresarial.<\/p>\n<p> El programa \u2018L\u00edderes a bordo\u2019 de la UPV busca \u201ccrear una cultura de excelencia en el liderazgo impulsando estrategias, desarrollando competencias, mejorando la gesti\u00f3n de equipos, fomentando la cultura de la excelencia y aumentando la eficiencia\u201d.<\/p>\n<p> Por ese motivo, ha brindado reuniones one to one entre los mentores y los mentees, los ocho nuevos empresarios seleccionados de entre todas las ediciones del curso \u2018L\u00edderes\u2019 que se imparte anualmente.<\/p>\n<p> Adem\u00e1s, a lo largo de la semana se han celebrado distintos cursos y talleres a bordo, enfocados al liderazgo y direcci\u00f3n empresarial.<\/p>\n<p> Como parte de la experiencia inmersiva tambi\u00e9n han tenido lugar distintas din\u00e1micas de grupo y retos entre todos los participantes, tanto en el barco que parti\u00f3 de Valencia como en los lugares de destino: Marsella, G\u00e9nova, Roma, Palermo e Ibiza.<\/p>\n<p> As\u00ed, han estado al frente del programa cuatro destacados empresarios valencianos y mentores del Patronato de la C\u00e1tedra L\u00edderes de Cultura Directiva y Empresarial: el CEO de Vicky Foods, Rafa Juan; el director general de Grupo Valier, Jos\u00e9 Vercher; el socio director de S2 Grupo, Miguel Juan y la VP Business Development de Health in Code, \u00c1ngela P\u00e9rez.<\/p>\n<p> Los participantes seleccionados, entre m\u00e1s de 1.000 candidatos, son alumni de la C\u00e1tedra que actualmente se encuentran al frente de sus respectivas empresas.<\/p>\n<p> Se trata de Mar\u00eda G.<\/p>\n<p> Gayet, cofundadora de \u00c1gora; Fran Ceacero, cofundador de Tu arrocero; Carla Casa\u00f1, fundadora de Blobu; Joan Albert Such, cofundador de Valyra Aerospace; Jaume Ros, fundador de Aede; Marcos D\u00e1valos, consultor de Kaizen Institute; Sonia Montagud, fundadora de Virtual Mentor y Mercedes Boyero, cofundadora de Onklub.<\/p>\n<p> \u201cHa sido un aprendizaje mutuo y una manera intensiva, completa, original y \u00fanica de combinar formaci\u00f3n, mentoring y conocimientos.<\/p>\n<p> Creo que as\u00ed contribuimos a darle a la sociedad lo que verdaderamente necesita, l\u00edderes empresariales muy capacitados\u201d, ha destacado el CEO de Vicky Foods y consejero del Consejo Social UPV, Rafa Juan.<\/p>\n<p> El acuerdo entre la C\u00e1tedra L\u00edderes y MSC Cruceros ha permitido disfrutar del MSC Grandiosa en todas sus instalaciones y con acceso a algunas de sus \u00e1reas de trabajo, como el Business Center, que ha facilitado el desarrollo de la actividad de manera exclusiva.<\/p>\n<p> Tras el \u00e9xito de esta primera edici\u00f3n, la C\u00e1tedra L\u00edderes UPV y el organizador y creador de la idea original de este formato, V\u00edctor Mar\u00edn, ya preparan una segunda convocatoria prevista para el primer semestre de 2026.<\/p>\n<p> SOBRE LA C\u00c1TEDRA L\u00cdDERES La C\u00e1tedra L\u00edderes de Cultura Directiva y Empresarial se implement\u00f3 dentro de la UPV en 2009 y es la \u00fanica en la que se imparten materias transversales para todas las carreras universitarias, como son las habilidades directivas y la capacidad de liderazgo que permiten a los alumnos adaptarse al entorno socioecon\u00f3mico en el que van a desenvolverse profesionalmente.<\/p>\n<p> En ella, los patronos participan activamente durante el curso, bien mentorizando proyectos, con visitas a sus empresas o formando parte de las sesiones formativas donde aportan sus experiencias.&nbsp; El programa tiene como objetivo formar l\u00edderes que impulsen la aplicaci\u00f3n de estrategias en sus organizaciones, desarrollen competencias de gesti\u00f3n de equipos y mejoren el rendimiento y la productividad a trav\u00e9s de herramientas pr\u00e1cticas.<\/p>\n<p> Forman parte del patronato empresas referentes en la econom\u00eda nacional e internacional como Actiu, Air Nostrum, Anit\u00edn, Andersen, Avramar, Grupo Bertol\u00edn, C\u00e1mara Val\u00e8ncia, CEV, Caja de Ingenieros, GD Energy Services, GA-P, Health in Code, IVO, Leopoldo Pons, Nunsys, Porcelanosa, Banco Sabadell, Grupo Segura, S2 Grupo, SPB, Uni\u00f3n Alcoyana Seguros, Valier y Vicky Foods.<\/p>\n<p>\nEmisor: Universitat Polit\u00e8cnica de Val\u00e8ncia<\/p>\n<p>\nContacto: Ferm\u00edn Palacios 625978459 fermin@trigonocomunicacion.com<\/p>\n","protected":false},"excerpt":{"rendered":"<p>(Informaci\u00f3n remitida por la empresa firmante) Valencia, 22 de octubre de 2025. El programa \u2018L\u00edderes a bordo\u2019 impulsado por el Consejo Social de la Universitat Polit\u00e8cnica de Val\u00e8ncia (UPV) ha celebrado su primera edici\u00f3n en un crucero por el mar Mediterr\u00e1neo, en el que se han reunido empresarios emergentes y algunos de los referentes del [&hellip;]<\/p>\n","protected":false},"author":1,"featured_media":0,"comment_status":"closed","ping_status":"closed","sticky":false,"template":"","format":"standard","meta":{"footnotes":""},"categories":[2],"tags":[],"class_list":["post-63960","post","type-post","status-publish","format-standard","hentry","category-noticias"],"_links":{"self":[{"href":"https:\/\/webciudadana.net\/index.php?rest_route=\/wp\/v2\/posts\/63960","targetHints":{"allow":["GET"]}}],"collection":[{"href":"https:\/\/webciudadana.net\/index.php?rest_route=\/wp\/v2\/posts"}],"about":[{"href":"https:\/\/webciudadana.net\/index.php?rest_route=\/wp\/v2\/types\/post"}],"author":[{"embeddable":true,"href":"https:\/\/webciudadana.net\/index.php?rest_route=\/wp\/v2\/users\/1"}],"replies":[{"embeddable":true,"href":"https:\/\/webciudadana.net\/index.php?rest_route=%2Fwp%2Fv2%2Fcomments&post=63960"}],"version-history":[{"count":0,"href":"https:\/\/webciudadana.net\/index.php?rest_route=\/wp\/v2\/posts\/63960\/revisions"}],"wp:attachment":[{"href":"https:\/\/webciudadana.net\/index.php?rest_route=%2Fwp%2Fv2%2Fmedia&parent=63960"}],"wp:term":[{"taxonomy":"category","embeddable":true,"href":"https:\/\/webciudadana.net\/index.php?rest_route=%2Fwp%2Fv2%2Fcategories&post=63960"},{"taxonomy":"post_tag","embeddable":true,"href":"https:\/\/webciudadana.net\/index.php?rest_route=%2Fwp%2Fv2%2Ftags&post=63960"}],"curies":[{"name":"wp","href":"https:\/\/api.w.org\/{rel}","templated":true}]}}