{"id":63984,"date":"2025-11-19T10:27:56","date_gmt":"2025-11-19T09:27:56","guid":{"rendered":"https:\/\/ticker-noticiasep.microcontenidos.com\/NoticiaRSS.vbhtml?user=FRND562DLP&amp;cod=20251119092756"},"modified":"2025-11-19T10:27:56","modified_gmt":"2025-11-19T09:27:56","slug":"temu-galardonada-con-el-premio-oro-marketplace-revelacion-en-los-marketplaces-awards-2025","status":"publish","type":"post","link":"https:\/\/webciudadana.net\/?p=63984","title":{"rendered":"Temu, galardonada con el Premio Oro \u201cMarketplace Revelaci\u00f3n\u201d en los Marketplaces Awards 2025"},"content":{"rendered":"\n<div><img decoding=\"async\" src=\"https:\/\/img.europapress.es\/fotoweb\/fotonoticia_20251119092756_300.jpg\" class=\"ff-og-image-inserted\"><\/div>\n<p>(Informaci\u00f3n remitida por la empresa firmante)<\/p>\n<p> Madrid, 19 de noviembre de 2025. <\/p>\n<p> Los premios, organizados por MarketplacesHoy y que contaron con la participaci\u00f3n de un jurado de expertos del sector, reconocen a las empresas que est\u00e1n definiendo el futuro del comercio digital en Espa\u00f1a.<\/p>\n<p> Temu ha sido reconocida con el Premio Oro en la categor\u00eda \u201cMarketplace&nbsp;Revelaci\u00f3n\u201d en los Marketplaces Awards 2025, el principal evento en Espa\u00f1a que celebra la innovaci\u00f3n y la excelencia en el ecosistema de marketplaces.<\/p>\n<p> El premio fue entregado durante la gala de 2025 celebrada en Madrid el 13 de noviembre, un encuentro que reuni\u00f3 a marketplaces, marcas, agencias y socios tecnol\u00f3gicos para reconocer los logros m\u00e1s destacados en m\u00e1s de 20 categor\u00edas.<\/p>\n<p> Temu destac\u00f3 en la categor\u00eda \u201cMarketplace&nbsp;Revelaci\u00f3n\u201d, que valora a las plataformas por su trayectoria de crecimiento, aceptaci\u00f3n por parte de los consumidores y su capacidad de colaboraci\u00f3n significativa con socios locales y vendedores nacionales.<\/p>\n<p> \u201cTemu ofrece a los consumidores espa\u00f1oles productos asequibles sin renunciar a la calidad\u201d, se\u00f1al\u00f3 un portavoz de la compa\u00f1\u00eda.<\/p>\n<p> \u201cCada vez m\u00e1s vendedores espa\u00f1oles se unen a nuestra plataforma, lo que ampliar\u00e1 la oferta para los consumidores y generar\u00e1 oportunidades de crecimiento para las empresas locales\u201d.<\/p>\n<p> Organizados por MarketplacesHoy, el certamen ha contado con un jurado de expertos del sector, que seleccionaron a las compa\u00f1\u00edas que est\u00e1n dando forma al futuro del comercio digital en Espa\u00f1a.<\/p>\n<p> Este reconocimiento se suma al reciente galard\u00f3n de Temu como \u201cMejor e-Commerce del A\u00f1o\u201d en el e-Show 2025, celebrado en Barcelona.<\/p>\n<p> Tres a\u00f1os despu\u00e9s de su lanzamiento en Europa, Temu sigue ganando popularidad entre los consumidores espa\u00f1oles gracias a su amplia variedad de productos asequibles y de calidad.<\/p>\n<p> Seg\u00fan un estudio reciente de IPSOS, el 77% de los usuarios de Temu en Espa\u00f1a considera que la plataforma ofrece una excelente relaci\u00f3n calidad-precio, mientras que el 89% afirma que los precios m\u00e1s altos no implican necesariamente una mejor calidad, reflejando un cambio en las expectativas de los consumidores respecto al valor y la variedad.<\/p>\n<p> Sobre Temu: Temu es una plataforma global de comercio electr\u00f3nico que conecta a los consumidores con millones de fabricantes, marcas y socios comerciales.<\/p>\n<p> Con presencia en m\u00e1s de 90 mercados en todo el mundo, Temu est\u00e1 comprometida con ofrecer productos asequibles y de alta calidad que ayuden a sus clientes a mejorar su d\u00eda a d\u00eda.<\/p>\n<p>\nEmisor: Temu<\/p>\n<p>\nContacto: Ga\u00eblle Candel 687 60 61 63 gaelle.candel@marlowinsight.com<\/p>\n","protected":false},"excerpt":{"rendered":"<p>(Informaci\u00f3n remitida por la empresa firmante) Madrid, 19 de noviembre de 2025. Los premios, organizados por MarketplacesHoy y que contaron con la participaci\u00f3n de un jurado de expertos del sector, reconocen a las empresas que est\u00e1n definiendo el futuro del comercio digital en Espa\u00f1a. Temu ha sido reconocida con el Premio Oro en la categor\u00eda [&hellip;]<\/p>\n","protected":false},"author":1,"featured_media":0,"comment_status":"closed","ping_status":"closed","sticky":false,"template":"","format":"standard","meta":{"footnotes":""},"categories":[2],"tags":[],"class_list":["post-63984","post","type-post","status-publish","format-standard","hentry","category-noticias"],"_links":{"self":[{"href":"https:\/\/webciudadana.net\/index.php?rest_route=\/wp\/v2\/posts\/63984","targetHints":{"allow":["GET"]}}],"collection":[{"href":"https:\/\/webciudadana.net\/index.php?rest_route=\/wp\/v2\/posts"}],"about":[{"href":"https:\/\/webciudadana.net\/index.php?rest_route=\/wp\/v2\/types\/post"}],"author":[{"embeddable":true,"href":"https:\/\/webciudadana.net\/index.php?rest_route=\/wp\/v2\/users\/1"}],"replies":[{"embeddable":true,"href":"https:\/\/webciudadana.net\/index.php?rest_route=%2Fwp%2Fv2%2Fcomments&post=63984"}],"version-history":[{"count":1,"href":"https:\/\/webciudadana.net\/index.php?rest_route=\/wp\/v2\/posts\/63984\/revisions"}],"predecessor-version":[{"id":63985,"href":"https:\/\/webciudadana.net\/index.php?rest_route=\/wp\/v2\/posts\/63984\/revisions\/63985"}],"wp:attachment":[{"href":"https:\/\/webciudadana.net\/index.php?rest_route=%2Fwp%2Fv2%2Fmedia&parent=63984"}],"wp:term":[{"taxonomy":"category","embeddable":true,"href":"https:\/\/webciudadana.net\/index.php?rest_route=%2Fwp%2Fv2%2Fcategories&post=63984"},{"taxonomy":"post_tag","embeddable":true,"href":"https:\/\/webciudadana.net\/index.php?rest_route=%2Fwp%2Fv2%2Ftags&post=63984"}],"curies":[{"name":"wp","href":"https:\/\/api.w.org\/{rel}","templated":true}]}}