{"id":63992,"date":"2025-11-28T15:03:27","date_gmt":"2025-11-28T14:03:27","guid":{"rendered":"https:\/\/ticker-noticiasep.microcontenidos.com\/NoticiaRSS.vbhtml?user=FRND562DLP&amp;cod=20251128140327"},"modified":"2025-11-28T15:03:27","modified_gmt":"2025-11-28T14:03:27","slug":"el-mba-de-camara-valencia-clausura-la-promocion-2025-en-un-acto-que-destaca-la-formacion-directiva","status":"publish","type":"post","link":"https:\/\/webciudadana.net\/?p=63992","title":{"rendered":"El MBA de C\u00e1mara Valencia clausura la promoci\u00f3n 2025 en un acto que destaca la formaci\u00f3n directiva"},"content":{"rendered":"\n<div><img decoding=\"async\" src=\"https:\/\/img.europapress.es\/fotoweb\/fotonoticia_20251128140327_300.jpg\" class=\"ff-og-image-inserted\"><\/div>\n<p>(Informaci\u00f3n remitida por la empresa firmante)<\/p>\n<p> Valencia, 28 de noviembre de 2025. <\/p>\n<p> La C\u00e1mara de Comercio de Valencia celebra la Graduaci\u00f3n del MBA 2025 y refuerza su compromiso con la profesionalizaci\u00f3n directiva del tejido empresarial valenciano.<\/p>\n<p> La C\u00e1mara de Comercio de Valencia ha celebrado la Ceremonia de Graduaci\u00f3n del MBA curso 2024-2025, un acto institucional que reuni\u00f3 a alumnos, profesorado, representantes empresariales y miembros de la corporaci\u00f3n, y que puso en valor la importancia estrat\u00e9gica de la formaci\u00f3n directiva para impulsar la competitividad del tejido empresarial valenciano.<\/p>\n<p> Durante el acto, la Escuela de Negocios de la C\u00e1mara de Valencia subray\u00f3 el papel del MBA como uno de los programas de referencia en la Comunitat Valenciana para la profesionalizaci\u00f3n del talento directivo.<\/p>\n<p> El m\u00e1ster ha formado ya a cientos de profesionales en \u00e1mbitos esenciales como estrategia, innovaci\u00f3n, finanzas, liderazgo, marketing y transformaci\u00f3n digital, contribuyendo directamente al desarrollo de empresas de todos los sectores.<\/p>\n<p> Uno de los momentos m\u00e1s destacados de la ceremonia fue la intervenci\u00f3n del alumno Diego Zald\u00edvar, en representaci\u00f3n de toda la promoci\u00f3n del MBA.<\/p>\n<p> Su reflexi\u00f3n puso voz al trabajo, la dedicaci\u00f3n y el compromiso de sus compa\u00f1eros durante el curso.<\/p>\n<p> Asimismo, durante el acto se record\u00f3 una de las frases m\u00e1s compartidas de la jornada, que sintetiza el esp\u00edritu del programa y la filosof\u00eda de aprendizaje continuo que impulsa el MBA de la C\u00e1mara de Comercio de Valencia: \u201cEl conocimiento debe mejorarse, cuestionarse y ampliarse constantemente; de lo contrario, acaba desapareciendo.\u201d Cifras y logros del MBA C\u00e1mara Valencia Durante el a\u00f1o acad\u00e9mico, los alumnos han desarrollado cerca de 10 proyectos empresariales, han trabajado en casos reales de empresas, han participado en simulaciones de direcci\u00f3n estrat\u00e9gica y han recibido formaci\u00f3n impartida por profesionales con una amplia trayectoria en la empresa privada y la gesti\u00f3n directiva.<\/p>\n<p> El programa, concebido en modalidad executive para garantizar la compatibilidad con la actividad profesional, ha reunido perfiles procedentes de diferentes sectores, consolidando un entorno de networking de alto valor.<\/p>\n<p> Cooperaci\u00f3n con el tejido empresarial valenciano El MBA de la C\u00e1mara de Valencia se ha convertido en un espacio de colaboraci\u00f3n entre profesionales, docentes y empresas de la Comunitat.<\/p>\n<p> La C\u00e1mara de Comercio refuerza as\u00ed su papel como instituci\u00f3n clave en la formaci\u00f3n de directivos, el impulso del talento local y la competitividad empresarial.<\/p>\n<p> Representantes de empresas colaboradoras destacaron la importancia de disponer de l\u00edderes id\u00f3neamente preparados para afrontar los retos actuales: digitalizaci\u00f3n, sostenibilidad, innovaci\u00f3n y gesti\u00f3n estrat\u00e9gica en un entorno econ\u00f3mico cambiante.<\/p>\n<p> Reconocimiento a la excelencia Durante la gala se hizo entrega del premio a la alumna Alejandra Cabo Caillet reconocida como la N\u00famero 1 de la promoci\u00f3n del MBA Executive 2024-2025 de la Escuela de Negocios de la C\u00e1mara de Valencia.<\/p>\n<p> El acto se articul\u00f3 en torno a los momentos clave del evento: la entrega de diplomas, las intervenciones institucionales, un espacio propicio para el networking y las tradicionales fotograf\u00edas de familia.<\/p>\n<p> Sobre el MBA C\u00e1mara Valencia El MBA de la C\u00e1mara de Comercio de Valencia es uno de los programas ejecutivos de referencia en la Comunitat Valenciana, reconocido por su enfoque pr\u00e1ctico, su relaci\u00f3n calidad-precio y un claustro compuesto por profesionales y economistas de prestigio como Daniel Lacalle, Jos\u00e9 Carlos D\u00edez, Isabel Aguilera y Jos\u00e9 Mar\u00eda O\u2019Kean.<\/p>\n<p> El programa se imparte en modalidad executive -viernes tarde y s\u00e1bados ma\u00f1ana-y combina clases presenciales con la posibilidad de seguimiento en remoto limitado, garantizando la compatibilidad con la actividad profesional.<\/p>\n<p> Con m\u00e1s de 1.800 antiguos alumnos, el MBA destaca por su metodolog\u00eda basada en casos reales, su orientaci\u00f3n a la aplicaci\u00f3n inmediata y la defensa grupal obligatoria de un Proyecto Fin de M\u00e1ster ante un tribunal examinador.<\/p>\n<p> Con el inicio de la 11\u00aa promoci\u00f3n correspondiente al curso 2025-2026, el MBA de la C\u00e1mara de Comercio de Valencia contin\u00faa formando a los profesionales que liderar\u00e1n los retos empresariales de los pr\u00f3ximos a\u00f1os en la Comunitat Valenciana.<\/p>\n<p> M\u00e1s informaci\u00f3n en: www.master-valencia.com &nbsp;<\/p>\n<p>\nEmisor: MBA de la C\u00e1mara de Comercio de Valencia<\/p>\n<p>\nContacto: Coordinaci\u00f3n MBA 961 288 592 coordinacion@mba-camara.com<\/p>\n","protected":false},"excerpt":{"rendered":"<p>(Informaci\u00f3n remitida por la empresa firmante) Valencia, 28 de noviembre de 2025. La C\u00e1mara de Comercio de Valencia celebra la Graduaci\u00f3n del MBA 2025 y refuerza su compromiso con la profesionalizaci\u00f3n directiva del tejido empresarial valenciano. La C\u00e1mara de Comercio de Valencia ha celebrado la Ceremonia de Graduaci\u00f3n del MBA curso 2024-2025, un acto institucional [&hellip;]<\/p>\n","protected":false},"author":1,"featured_media":0,"comment_status":"closed","ping_status":"closed","sticky":false,"template":"","format":"standard","meta":{"footnotes":""},"categories":[2],"tags":[],"class_list":["post-63992","post","type-post","status-publish","format-standard","hentry","category-noticias"],"_links":{"self":[{"href":"https:\/\/webciudadana.net\/index.php?rest_route=\/wp\/v2\/posts\/63992","targetHints":{"allow":["GET"]}}],"collection":[{"href":"https:\/\/webciudadana.net\/index.php?rest_route=\/wp\/v2\/posts"}],"about":[{"href":"https:\/\/webciudadana.net\/index.php?rest_route=\/wp\/v2\/types\/post"}],"author":[{"embeddable":true,"href":"https:\/\/webciudadana.net\/index.php?rest_route=\/wp\/v2\/users\/1"}],"replies":[{"embeddable":true,"href":"https:\/\/webciudadana.net\/index.php?rest_route=%2Fwp%2Fv2%2Fcomments&post=63992"}],"version-history":[{"count":0,"href":"https:\/\/webciudadana.net\/index.php?rest_route=\/wp\/v2\/posts\/63992\/revisions"}],"wp:attachment":[{"href":"https:\/\/webciudadana.net\/index.php?rest_route=%2Fwp%2Fv2%2Fmedia&parent=63992"}],"wp:term":[{"taxonomy":"category","embeddable":true,"href":"https:\/\/webciudadana.net\/index.php?rest_route=%2Fwp%2Fv2%2Fcategories&post=63992"},{"taxonomy":"post_tag","embeddable":true,"href":"https:\/\/webciudadana.net\/index.php?rest_route=%2Fwp%2Fv2%2Ftags&post=63992"}],"curies":[{"name":"wp","href":"https:\/\/api.w.org\/{rel}","templated":true}]}}