{"id":63993,"date":"2025-12-02T18:34:50","date_gmt":"2025-12-02T17:34:50","guid":{"rendered":"https:\/\/ticker-noticiasep.microcontenidos.com\/NoticiaRSS.vbhtml?user=FRND562DLP&amp;cod=20251202173450"},"modified":"2025-12-02T18:34:50","modified_gmt":"2025-12-02T17:34:50","slug":"sociedad-cosital-se-opone-a-la-cesion-de-las-competencias-sobre-los-habilitados-nacionales-a-la-generalitat","status":"publish","type":"post","link":"https:\/\/webciudadana.net\/?p=63993","title":{"rendered":"Sociedad: COSITAL se opone a la cesi\u00f3n de las competencias sobre los habilitados nacionales a la Generalitat"},"content":{"rendered":"\n<div><img decoding=\"async\" src=\"https:\/\/img.europapress.es\/fotoweb\/fotonoticia_20251202173450_300.jpg\" class=\"ff-og-image-inserted\"><\/div>\n<p>(Informaci\u00f3n remitida por la empresa firmante)<\/p>\n<p> Madrid, 2 de diciembre de 2025. <\/p>\n<p> El Consejo General de Colegios Oficiales de Secretarios, Interventores y Tesoreros de Administraci\u00f3n Local (COSITAL) expresa su profunda preocupaci\u00f3n ante la aprobaci\u00f3n, en el d\u00eda de hoy, por el Consejo de Ministros, del Real Decreto-ley que modifica la Ley Reguladora de las Bases de R\u00e9gimen Local, cediendo a la Generalitat de Catalu\u00f1a la gesti\u00f3n de la oferta p\u00fablica de empleo y los procesos de selecci\u00f3n de los funcionarios con habilitaci\u00f3n de car\u00e1cter nacional.<\/p>\n<p> Los habilitados nacionales \u2013secretarios, interventores y tesoreros\u2013 desempe\u00f1an funciones reservadas y esenciales en todas las entidades locales, garantizando la legalidad, la transparencia, el control econ\u00f3mico-financiero y la estabilidad presupuestaria.<\/p>\n<p> COSITAL advierte que la cesi\u00f3n de competencias auton\u00f3micas exclusivas para cubrir estas plazas, como prev\u00e9 el decreto-ley, pone en riesgo la unidad de la Escala, fragmentando un cuerpo que hist\u00f3ricamente ha mantenido criterios uniformes de selecci\u00f3n, formaci\u00f3n y provisi\u00f3n de puestos en todo el territorio nacional.<\/p>\n<p> Entre 2007 y 2013, periodo en que las comunidades aut\u00f3nomas ya gestionaron estas competencias, la cobertura de plazas fue insuficiente: se convocaron 956 plazas frente a las 4.197 convocadas por el Estado entre 2014 y 2022.<\/p>\n<p> Esta experiencia evidencia que la descentralizaci\u00f3n no ha cumplido las expectativas que se esperaban, ni las aspiraciones del colectivo.<\/p>\n<p> La convocatoria estatal conjunta ha demostrado ser m\u00e1s eficaz, con programas y criterios homog\u00e9neos que aseguran una formaci\u00f3n t\u00e9cnica s\u00f3lida y la neutralidad y transparencia en el ejercicio de las funciones.<\/p>\n<p> COSITAL considera que la medida aprobada hoy no contribuye a mejorar la dotaci\u00f3n de plazas ni la preparaci\u00f3n t\u00e9cnica de los habilitados nacionales.<\/p>\n<p> Por el contrario, la regionalizaci\u00f3n de la selecci\u00f3n y provisi\u00f3n de plazas podr\u00eda debilitar la independencia de los funcionarios, comprometer la correcta fiscalizaci\u00f3n econ\u00f3mico-financiera de los municipios y dificultar la estabilidad presupuestaria y la gesti\u00f3n de fondos p\u00fablicos, incluyendo fondos europeos como los Next Generation UE.<\/p>\n<p> En este contexto, COSITAL reitera su oposici\u00f3n a las enmiendas que permiten la fragmentaci\u00f3n de la Escala y solicita el apoyo de todas las iniciativas parlamentarias que buscan mantener la unidad y el car\u00e1cter estatal de la habilitaci\u00f3n, esenciales para garantizar la calidad, la eficacia y la transparencia en el desempe\u00f1o de las funciones reservadas de secretarios, interventores y tesoreros de la Administraci\u00f3n Local.<\/p>\n<p> &nbsp;El Consejo General de COSITAL mantiene su colaboraci\u00f3n con las administraciones competentes y todos los grupos parlamentarios para exponer su posici\u00f3n t\u00e9cnica y contribuir al correcto funcionamiento de las entidades locales espa\u00f1olas, y se reserva el ejercicio de cuantas movilizaciones estime oportunas para la defensa de los intereses generales de todo el Colegio Profesional.<\/p>\n<p> En el d\u00eda de hoy se ha hecho entrega al Gobierno del manifiesto suscrito por la inmensa mayor\u00eda del colectivo, en el que se condena esta nueva concesi\u00f3n injustificada del&nbsp; Estado.<\/p>\n<p>\nEmisor: Consejo General de Colegios Profesionales de Secretarios, Interventores y Tesoreros de la administraci\u00f3n local (COSITAL)<\/p>\n<p>\nContacto: Virginia Carmona Mu\u00f1oz 602250367 cositalcg@cosital.es<\/p>\n","protected":false},"excerpt":{"rendered":"<p>(Informaci\u00f3n remitida por la empresa firmante) Madrid, 2 de diciembre de 2025. El Consejo General de Colegios Oficiales de Secretarios, Interventores y Tesoreros de Administraci\u00f3n Local (COSITAL) expresa su profunda preocupaci\u00f3n ante la aprobaci\u00f3n, en el d\u00eda de hoy, por el Consejo de Ministros, del Real Decreto-ley que modifica la Ley Reguladora de las Bases [&hellip;]<\/p>\n","protected":false},"author":1,"featured_media":0,"comment_status":"closed","ping_status":"closed","sticky":false,"template":"","format":"standard","meta":{"footnotes":""},"categories":[2],"tags":[],"class_list":["post-63993","post","type-post","status-publish","format-standard","hentry","category-noticias"],"_links":{"self":[{"href":"https:\/\/webciudadana.net\/index.php?rest_route=\/wp\/v2\/posts\/63993","targetHints":{"allow":["GET"]}}],"collection":[{"href":"https:\/\/webciudadana.net\/index.php?rest_route=\/wp\/v2\/posts"}],"about":[{"href":"https:\/\/webciudadana.net\/index.php?rest_route=\/wp\/v2\/types\/post"}],"author":[{"embeddable":true,"href":"https:\/\/webciudadana.net\/index.php?rest_route=\/wp\/v2\/users\/1"}],"replies":[{"embeddable":true,"href":"https:\/\/webciudadana.net\/index.php?rest_route=%2Fwp%2Fv2%2Fcomments&post=63993"}],"version-history":[{"count":0,"href":"https:\/\/webciudadana.net\/index.php?rest_route=\/wp\/v2\/posts\/63993\/revisions"}],"wp:attachment":[{"href":"https:\/\/webciudadana.net\/index.php?rest_route=%2Fwp%2Fv2%2Fmedia&parent=63993"}],"wp:term":[{"taxonomy":"category","embeddable":true,"href":"https:\/\/webciudadana.net\/index.php?rest_route=%2Fwp%2Fv2%2Fcategories&post=63993"},{"taxonomy":"post_tag","embeddable":true,"href":"https:\/\/webciudadana.net\/index.php?rest_route=%2Fwp%2Fv2%2Ftags&post=63993"}],"curies":[{"name":"wp","href":"https:\/\/api.w.org\/{rel}","templated":true}]}}