{"id":64039,"date":"2026-03-09T13:58:49","date_gmt":"2026-03-09T12:58:49","guid":{"rendered":"https:\/\/ticker-noticiasep.microcontenidos.com\/NoticiaRSS.vbhtml?user=FRND562DLP&amp;cod=20260309135849"},"modified":"2026-03-09T13:58:49","modified_gmt":"2026-03-09T12:58:49","slug":"sociedad-un-juzgado-de-sevilla-declara-improcedente-el-despido-de-un-trabajador-de-occident","status":"publish","type":"post","link":"https:\/\/webciudadana.net\/?p=64039","title":{"rendered":"Sociedad: Un juzgado de Sevilla declara improcedente el despido de un trabajador de Occident"},"content":{"rendered":"\n<p>(Informaci\u00f3n remitida por la empresa firmante)<\/p>\n<p> Sevilla, 9 de marzo de 2026. <\/p>\n<p> Un juzgado de Sevilla declara improcedente el despido de un trabajador de Occident tras una sanci\u00f3n de la Inspecci\u00f3n de Trabajo Sevilla, 6 de Marzo de 2026 Un Juzgado de lo Social de Sevilla ha declarado improcedente el despido de un trabajador de&nbsp;Occident Seguros, compa\u00f1\u00eda perteneciente al&nbsp;grupo asegurador Grupo Catalana Occidente, tras apreciar defectos formales en el procedimiento disciplinario seguido por la empresa.<\/p>\n<p> La resoluci\u00f3n judicial fue dictada en noviembre de 2025.<\/p>\n<p> El caso se enmarca en un conflicto laboral prolongado entre el trabajador y la entidad aseguradora.<\/p>\n<p> De forma paralela, la Inspecci\u00f3n de Trabajo y Seguridad Social ha impuesto una sanci\u00f3n administrativa a la empresa tras detectar irregularidades en el \u00e1mbito laboral relacionadas con la organizaci\u00f3n del trabajo.<\/p>\n<p> Un conflicto laboral con graves consecuencias personales Seg\u00fan la documentaci\u00f3n aportada en los distintos procedimientos judiciales en curso, el trabajador sostiene que durante su etapa profesional en la compa\u00f1\u00eda fue sometido a una situaci\u00f3n de acoso laboral continuado.<\/p>\n<p> De acuerdo con los informes m\u00e9dicos incorporados a las actuaciones, dicha situaci\u00f3n habr\u00eda tenido un impacto relevante en su salud mental, con varios intentos autoliticos circunstancia que forma parte del conjunto de procesos judiciales actualmente abiertos.<\/p>\n<p> Diversos procedimientos judiciales en curso Adem\u00e1s del procedimiento laboral relativo al despido,&nbsp;el caso se encuentra vinculado a otras actuaciones judiciales en tramitaci\u00f3n, en las que se analizan diferentes hechos relacionados con el conflicto laboral entre el trabajador y la empresa.<\/p>\n<p> La sentencia que declar\u00f3 improcedente el despido se encuentra actualmente recurrida ante la Sala de lo Social del Tribunal Superior de Justicia de Andaluc\u00eda, que deber\u00e1 pronunciarse sobre el recurso interpuesto contra la resoluci\u00f3n dictada en primera instancia.<\/p>\n<p> Representaci\u00f3n jur\u00eddica La defensa del trabajador en el \u00e1mbito penal est\u00e1 siendo&nbsp;dirigida por el abogado sevillano Luis Romero Santos, doctor en Derecho y director del despacho Luis Romero Abogados, en una causa en la que el trabajador presento una querella por acoso laboral y revelaci\u00f3n de secretos en la que presuntamente se encuentran investigados varios trabajadores de la empresa Por su parte, la estrategia jur\u00eddica en el \u00e1mbito laboral est\u00e1 siendo asumida por&nbsp;Alberto Ben\u00edtez Sanabria, socio director del despacho Juristas Laboralistas, especializado en litigaci\u00f3n laboral.<\/p>\n<p> Que ha conseguido el hito de ganar en primera instancia el despido por defectos formales en la audiencia previa Objetivo de las acciones judiciales La representaci\u00f3n legal del trabajador ha se\u00f1alado que el objetivo de las acciones judiciales en curso es esclarecer plenamente los hechos y determinar las responsabilidades que, en su caso, pudieran derivarse del conflicto laboral, en el marco de la normativa vigente en materia de protecci\u00f3n de los trabajadores y prevenci\u00f3n de riesgos laborales.<\/p>\n<p> La resoluci\u00f3n definitiva de los distintos procedimientos judiciales abiertos determinar\u00e1 las consecuencias jur\u00eddicas que puedan derivarse de este caso.<\/p>\n<p>\nEmisor: \u00c1lvaro Fern\u00e1ndez Janeiro<\/p>\n<p>\nContacto: Alvaro 663101071 fernandezjaneiro@gmail.com<\/p>\n","protected":false},"excerpt":{"rendered":"<p>(Informaci\u00f3n remitida por la empresa firmante) Sevilla, 9 de marzo de 2026. Un juzgado de Sevilla declara improcedente el despido de un trabajador de Occident tras una sanci\u00f3n de la Inspecci\u00f3n de Trabajo Sevilla, 6 de Marzo de 2026 Un Juzgado de lo Social de Sevilla ha declarado improcedente el despido de un trabajador de&nbsp;Occident [&hellip;]<\/p>\n","protected":false},"author":1,"featured_media":0,"comment_status":"closed","ping_status":"closed","sticky":false,"template":"","format":"standard","meta":{"footnotes":""},"categories":[2],"tags":[],"class_list":["post-64039","post","type-post","status-publish","format-standard","hentry","category-noticias"],"_links":{"self":[{"href":"https:\/\/webciudadana.net\/index.php?rest_route=\/wp\/v2\/posts\/64039","targetHints":{"allow":["GET"]}}],"collection":[{"href":"https:\/\/webciudadana.net\/index.php?rest_route=\/wp\/v2\/posts"}],"about":[{"href":"https:\/\/webciudadana.net\/index.php?rest_route=\/wp\/v2\/types\/post"}],"author":[{"embeddable":true,"href":"https:\/\/webciudadana.net\/index.php?rest_route=\/wp\/v2\/users\/1"}],"replies":[{"embeddable":true,"href":"https:\/\/webciudadana.net\/index.php?rest_route=%2Fwp%2Fv2%2Fcomments&post=64039"}],"version-history":[{"count":0,"href":"https:\/\/webciudadana.net\/index.php?rest_route=\/wp\/v2\/posts\/64039\/revisions"}],"wp:attachment":[{"href":"https:\/\/webciudadana.net\/index.php?rest_route=%2Fwp%2Fv2%2Fmedia&parent=64039"}],"wp:term":[{"taxonomy":"category","embeddable":true,"href":"https:\/\/webciudadana.net\/index.php?rest_route=%2Fwp%2Fv2%2Fcategories&post=64039"},{"taxonomy":"post_tag","embeddable":true,"href":"https:\/\/webciudadana.net\/index.php?rest_route=%2Fwp%2Fv2%2Ftags&post=64039"}],"curies":[{"name":"wp","href":"https:\/\/api.w.org\/{rel}","templated":true}]}}