{"id":64068,"date":"2026-04-30T12:06:59","date_gmt":"2026-04-30T10:06:59","guid":{"rendered":"https:\/\/ticker-noticiasep.microcontenidos.com\/NoticiaRSS.vbhtml?user=FRND562DLP&amp;cod=20260430120659"},"modified":"2026-04-30T12:06:59","modified_gmt":"2026-04-30T10:06:59","slug":"sociedad-un-informe-revela-la-brecha-entre-discurso-institucional-y-practica-real-en-salud-mental-en-cataluna","status":"publish","type":"post","link":"https:\/\/webciudadana.net\/?p=64068","title":{"rendered":"Sociedad: Un informe revela la brecha entre discurso institucional y pr\u00e1ctica real en salud mental en Catalu\u00f1a"},"content":{"rendered":"\n<div><img decoding=\"async\" src=\"https:\/\/img.europapress.es\/fotoweb\/fotonoticia_20260430120659_300.jpg\" class=\"ff-og-image-inserted\"><\/div>\n<p>(Informaci\u00f3n remitida por la empresa firmante)<\/p>\n<p> Girona, 30 de abril de 2026. <\/p>\n<p> La Sociedad Catalana de Psicolog\u00eda Cl\u00ednica (SCPC-ACAPIR) presentar\u00e1 el informe \u2018La salud mental en Catalu\u00f1a: entre el discurso institucional y la pr\u00e1ctica real\u2019, que revela la brecha que existe entre los objetivos declarados y el funcionamiento real de los dispositivos asistenciales, y que est\u00e1 provocando el deterioro de la atenci\u00f3n cl\u00ednica.<\/p>\n<p> Ser\u00e1 en el marco del XXV Congreso Nacional y VI Internacional de Psicolog\u00eda Cl\u00ednica de la Sociedad Espa\u00f1ola de Psicolog\u00eda Cl\u00ednica (SEPC-ANPIR), que se celebrar\u00e1 del 28 al 30 de mayo en Girona.<\/p>\n<p> Se trata de un an\u00e1lisis basado en la experiencia acumulada de profesionales especialistas en psicolog\u00eda cl\u00ednica que trabajan en la red p\u00fablica.<\/p>\n<p> Y tiene como objetivo describir c\u00f3mo opera en la pr\u00e1ctica el sistema de salud mental en Catalu\u00f1a y qu\u00e9 efectos produce esta forma de organizaci\u00f3n, uno de los cuales es el deterioro de la atenci\u00f3n cl\u00ednica.<\/p>\n<p> El informe, que pretende ser un punto de inflexi\u00f3n para mejorar la atenci\u00f3n a los pacientes de salud mental, plantea una serie de propuestas y aboga por la atenci\u00f3n comunitaria.<\/p>\n<p> Precisamente, el lema de esta edici\u00f3n del Congreso de Psicolog\u00eda Cl\u00ednica es \u201cA contracorriente.<\/p>\n<p> Atenci\u00f3n comunitaria digna y de calidad\u201d, que pretende poner el foco en la necesidad de garantizar el acceso de todas las personas a una atenci\u00f3n comunitaria especializada digna y de calidad.<\/p>\n<p> Por ello, el modelo asistencial comunitario, la \u00e9tica y los derechos en salud mental, y la situaci\u00f3n actual de la atenci\u00f3n en salud mental en el Sistema Nacional de Salud ser\u00e1n los ejes vertebradores de ese congreso, en el que se dar\u00e1n cita cientos de especialistas en Psicolog\u00eda Cl\u00ednica.<\/p>\n<p> Pero tambi\u00e9n se abordar\u00e1n otros temas m\u00e1s diversos, con representaci\u00f3n de profesionales del mundo acad\u00e9mico y del sistema sanitario en las diferentes mesas que debatir\u00e1n sobre trastornos de la personalidad; prevenci\u00f3n del suicidio; herramientas y tratamientos de psicoterapia; salud mental en infancia y adolescencia; neuropsicolog\u00eda, y psicolog\u00eda cl\u00ednica en atenci\u00f3n primaria, hospitalaria y urgencias, entre otros.<\/p>\n<p> A lo largo de los tres d\u00edas de duraci\u00f3n, tambi\u00e9n se presentar\u00e1n diferentes grupos de trabajo y se realizar\u00e1n actividades y talleres paralelos sobre tem\u00e1ticas diversas, completando de este modo una amplia oferta formativa y experiencial para todos los participantes.<\/p>\n<p> ASAMBLEA GENERAL Y NUEVA JUNTA DIRECTIVA DE ANPIR En el marco del congreso, tendr\u00e1 lugar tambi\u00e9n la Asamblea General Ordinaria y Extraordinaria de la Sociedad Espa\u00f1ola de Psicolog\u00eda Cl\u00ednica (SEPC-ANPIR), de la que saldr\u00e1 elegida la nueva Junta Directiva de la entidad para los pr\u00f3ximos a\u00f1os.<\/p>\n<p> PREMIOS A LA INVESTIGACI\u00d3N EN PSICOLOG\u00cdA CL\u00cdNICA Finalmente, el Comit\u00e9 Cient\u00edfico del Congreso entregar\u00e1 en el acto de clausura el XX Premio SEPC-ANPIR J\u00f3venes Investigadores en Psicolog\u00eda Cl\u00ednica y el X Premio SEPC-ANPIR al mejor art\u00edculo sobre Psicolog\u00eda Cl\u00ednica en el Sistema Nacional de Salud.<\/p>\n<p> Galardones que tienen la finalidad de estimular y reconocer la labor de investigaci\u00f3n entre los profesionales de la psicolog\u00eda cl\u00ednica en Espa\u00f1a.<\/p>\n<p> Todos los interesados en inscribirse al Congreso, pueden hacerlo a trav\u00e9s de la web https:\/\/congresoanpir.org\/&nbsp; El programa del Congreso, con toda la informaci\u00f3n y ponentes se encuentra disponible en https:\/\/congresoanpir.org\/programa-2026\/<\/p>\n<p>\nEmisor: SEPC y SCPC<\/p>\n<p>\nContacto: Julia Fortea 669987169 jfortea@acteacyd.com<\/p>\n","protected":false},"excerpt":{"rendered":"<p>(Informaci\u00f3n remitida por la empresa firmante) Girona, 30 de abril de 2026. La Sociedad Catalana de Psicolog\u00eda Cl\u00ednica (SCPC-ACAPIR) presentar\u00e1 el informe \u2018La salud mental en Catalu\u00f1a: entre el discurso institucional y la pr\u00e1ctica real\u2019, que revela la brecha que existe entre los objetivos declarados y el funcionamiento real de los dispositivos asistenciales, y que [&hellip;]<\/p>\n","protected":false},"author":1,"featured_media":0,"comment_status":"closed","ping_status":"closed","sticky":false,"template":"","format":"standard","meta":{"footnotes":""},"categories":[2],"tags":[],"class_list":["post-64068","post","type-post","status-publish","format-standard","hentry","category-noticias"],"_links":{"self":[{"href":"https:\/\/webciudadana.net\/index.php?rest_route=\/wp\/v2\/posts\/64068","targetHints":{"allow":["GET"]}}],"collection":[{"href":"https:\/\/webciudadana.net\/index.php?rest_route=\/wp\/v2\/posts"}],"about":[{"href":"https:\/\/webciudadana.net\/index.php?rest_route=\/wp\/v2\/types\/post"}],"author":[{"embeddable":true,"href":"https:\/\/webciudadana.net\/index.php?rest_route=\/wp\/v2\/users\/1"}],"replies":[{"embeddable":true,"href":"https:\/\/webciudadana.net\/index.php?rest_route=%2Fwp%2Fv2%2Fcomments&post=64068"}],"version-history":[{"count":0,"href":"https:\/\/webciudadana.net\/index.php?rest_route=\/wp\/v2\/posts\/64068\/revisions"}],"wp:attachment":[{"href":"https:\/\/webciudadana.net\/index.php?rest_route=%2Fwp%2Fv2%2Fmedia&parent=64068"}],"wp:term":[{"taxonomy":"category","embeddable":true,"href":"https:\/\/webciudadana.net\/index.php?rest_route=%2Fwp%2Fv2%2Fcategories&post=64068"},{"taxonomy":"post_tag","embeddable":true,"href":"https:\/\/webciudadana.net\/index.php?rest_route=%2Fwp%2Fv2%2Ftags&post=64068"}],"curies":[{"name":"wp","href":"https:\/\/api.w.org\/{rel}","templated":true}]}}